{"id":18397,"date":"2021-03-25T22:50:59","date_gmt":"2021-03-26T01:50:59","guid":{"rendered":"https:\/\/infovera.com.ar\/web\/?p=18397"},"modified":"2021-03-26T12:43:20","modified_gmt":"2021-03-26T15:43:20","slug":"un-menor-de-15-anos-resulto-con-lesiones-en-un-accidente-de-transito-y-fue-derivado-a-reconquista","status":"publish","type":"post","link":"https:\/\/infovera.com.ar\/web\/2021\/03\/25\/un-menor-de-15-anos-resulto-con-lesiones-en-un-accidente-de-transito-y-fue-derivado-a-reconquista\/","title":{"rendered":"Un menor de 15 a\u00f1os result\u00f3 con lesiones en un accidente de tr\u00e1nsito y fue derivado a Reconquista"},"content":{"rendered":"<p><strong>En la intersecci\u00f3n de calles Lisandro de Latorre y Roque Saenz Pe\u00f1a, colisionaron un VW\u00a0 Gol Trend, conducido por un sujeto de 34 a\u00f1os, y una moto Corven 110 cc, conducida por un joven de 15 a\u00f1os, ambos domiciliados en esta ciudad.<\/strong><\/p>\n<p>En el lugar se hizo presente la ambulancia del hospital local que traslad\u00f3 al menor. Examinado por m\u00e9dico de turno, se le dictamin\u00f3 lesiones a determinar y debi\u00f3 ser derivado al Nuevo Hospital de Reconquista.<\/p>\n","protected":false},"excerpt":{"rendered":"<p>En la intersecci\u00f3n de calles Lisandro de Latorre y Roque Saenz Pe\u00f1a, colisionaron un VW\u00a0 Gol Trend, conducido por un sujeto de 34 a\u00f1os, y una moto Corven 110 cc, conducida por un joven de 15 a\u00f1os, ambos domiciliados en esta ciudad. En el lugar se hizo presente la ambulancia del hospital local que traslad\u00f3 [&hellip;]<\/p>\n","protected":false},"author":3,"featured_media":18398,"comment_status":"open","ping_status":"open","sticky":false,"template":"","format":"standard","meta":{"_joinchat":[],"footnotes":""},"categories":[30,53],"tags":[],"class_list":{"0":"post-18397","1":"post","2":"type-post","3":"status-publish","4":"format-standard","5":"has-post-thumbnail","7":"category-policiales","8":"category-vera"},"_links":{"self":[{"href":"https:\/\/infovera.com.ar\/web\/wp-json\/wp\/v2\/posts\/18397","targetHints":{"allow":["GET"]}}],"collection":[{"href":"https:\/\/infovera.com.ar\/web\/wp-json\/wp\/v2\/posts"}],"about":[{"href":"https:\/\/infovera.com.ar\/web\/wp-json\/wp\/v2\/types\/post"}],"author":[{"embeddable":true,"href":"https:\/\/infovera.com.ar\/web\/wp-json\/wp\/v2\/users\/3"}],"replies":[{"embeddable":true,"href":"https:\/\/infovera.com.ar\/web\/wp-json\/wp\/v2\/comments?post=18397"}],"version-history":[{"count":0,"href":"https:\/\/infovera.com.ar\/web\/wp-json\/wp\/v2\/posts\/18397\/revisions"}],"wp:featuredmedia":[{"embeddable":true,"href":"https:\/\/infovera.com.ar\/web\/wp-json\/wp\/v2\/media\/18398"}],"wp:attachment":[{"href":"https:\/\/infovera.com.ar\/web\/wp-json\/wp\/v2\/media?parent=18397"}],"wp:term":[{"taxonomy":"category","embeddable":true,"href":"https:\/\/infovera.com.ar\/web\/wp-json\/wp\/v2\/categories?post=18397"},{"taxonomy":"post_tag","embeddable":true,"href":"https:\/\/infovera.com.ar\/web\/wp-json\/wp\/v2\/tags?post=18397"}],"curies":[{"name":"wp","href":"https:\/\/api.w.org\/{rel}","templated":true}]}}