{"id":18379,"date":"2021-03-15T14:48:29","date_gmt":"2021-03-15T17:48:29","guid":{"rendered":"https:\/\/infovera.com.ar\/web\/?p=18379"},"modified":"2021-03-15T14:48:29","modified_gmt":"2021-03-15T17:48:29","slug":"educacion-lamento-la-medida-de-fuerza-que-postergo-la-vuelta-a-la-presencialidad","status":"publish","type":"post","link":"https:\/\/infovera.com.ar\/web\/2021\/03\/15\/educacion-lamento-la-medida-de-fuerza-que-postergo-la-vuelta-a-la-presencialidad\/","title":{"rendered":"Educaci\u00f3n lament\u00f3 la medida de fuerza que posterg\u00f3 la vuelta a la presencialidad"},"content":{"rendered":"<p><strong>La ministra Adriana Cantero destac\u00f3 la oferta construida en la negociaci\u00f3n paritaria y la defini\u00f3 como una propuesta integral que contempla inversi\u00f3n en cargos, infraestructura escolar y el Boleto Educativo Gratuito.<\/strong><\/p>\n<p><iframe loading=\"lazy\" title=\"Mnistra Cantero\" width=\"696\" height=\"392\" src=\"https:\/\/www.youtube.com\/embed\/Zb9dDVVlLyE?feature=oembed\" frameborder=\"0\" allow=\"accelerometer; autoplay; clipboard-write; encrypted-media; gyroscope; picture-in-picture; web-share\" referrerpolicy=\"strict-origin-when-cross-origin\" allowfullscreen><\/iframe><\/p>\n","protected":false},"excerpt":{"rendered":"<p>La ministra Adriana Cantero destac\u00f3 la oferta construida en la negociaci\u00f3n paritaria y la defini\u00f3 como una propuesta integral que contempla inversi\u00f3n en cargos, infraestructura escolar y el Boleto Educativo Gratuito.<\/p>\n","protected":false},"author":3,"featured_media":18381,"comment_status":"open","ping_status":"open","sticky":false,"template":"","format":"standard","meta":{"_joinchat":[],"footnotes":""},"categories":[60],"tags":[],"class_list":{"0":"post-18379","1":"post","2":"type-post","3":"status-publish","4":"format-standard","5":"has-post-thumbnail","7":"category-provinciales"},"_links":{"self":[{"href":"https:\/\/infovera.com.ar\/web\/wp-json\/wp\/v2\/posts\/18379","targetHints":{"allow":["GET"]}}],"collection":[{"href":"https:\/\/infovera.com.ar\/web\/wp-json\/wp\/v2\/posts"}],"about":[{"href":"https:\/\/infovera.com.ar\/web\/wp-json\/wp\/v2\/types\/post"}],"author":[{"embeddable":true,"href":"https:\/\/infovera.com.ar\/web\/wp-json\/wp\/v2\/users\/3"}],"replies":[{"embeddable":true,"href":"https:\/\/infovera.com.ar\/web\/wp-json\/wp\/v2\/comments?post=18379"}],"version-history":[{"count":0,"href":"https:\/\/infovera.com.ar\/web\/wp-json\/wp\/v2\/posts\/18379\/revisions"}],"wp:featuredmedia":[{"embeddable":true,"href":"https:\/\/infovera.com.ar\/web\/wp-json\/wp\/v2\/media\/18381"}],"wp:attachment":[{"href":"https:\/\/infovera.com.ar\/web\/wp-json\/wp\/v2\/media?parent=18379"}],"wp:term":[{"taxonomy":"category","embeddable":true,"href":"https:\/\/infovera.com.ar\/web\/wp-json\/wp\/v2\/categories?post=18379"},{"taxonomy":"post_tag","embeddable":true,"href":"https:\/\/infovera.com.ar\/web\/wp-json\/wp\/v2\/tags?post=18379"}],"curies":[{"name":"wp","href":"https:\/\/api.w.org\/{rel}","templated":true}]}}