{"id":18359,"date":"2021-03-15T13:45:55","date_gmt":"2021-03-15T16:45:55","guid":{"rendered":"https:\/\/infovera.com.ar\/web\/?p=18359"},"modified":"2021-03-15T14:08:52","modified_gmt":"2021-03-15T17:08:52","slug":"imputaron-con-prision-preventiva-al-padre-de-los-balsaretti-y-a-ramon-madera","status":"publish","type":"post","link":"https:\/\/infovera.com.ar\/web\/2021\/03\/15\/imputaron-con-prision-preventiva-al-padre-de-los-balsaretti-y-a-ramon-madera\/","title":{"rendered":"Imputaron con prisi\u00f3n preventiva al padre de los Balsaretti y a Ram\u00f3n Madera por el multimillonario robo de hacienda a &#8220;Las Gamitas&#8221;"},"content":{"rendered":"<p><strong>El fiscal Nicol\u00e1s Maglier les atribuy\u00f3 los delitos de abigeato triplemente agravado en concurso real con asociaci\u00f3n il\u00edcita. Se les impuso 90 d\u00edas de prisi\u00f3n preventiva.<\/strong><\/p>\n<p>Rub\u00e9n Balsaretti y Ram\u00f3n Juan Jos\u00e9 Madera fueron imputados por los delitos mencionados en una audiencia celebrada por Zoom por la Oficina de Gesti\u00f3n Judicial de Vera, que estuvo presidida por el juez de Instrucci\u00f3n Penal Preparatoria, Gonzalo Basualdo. Por la querella estuvo presente el Dr. Andr\u00e9s Gh\u00edo, mientras que los defensores fueron el Dr. Sixto Gonz\u00e1lez (Balsaretti), y los doctores Alejandro Bustos y Julio Thomas (Madera).<\/p>\n<p>Puntualmente, el fiscal Maglier los encart\u00f3 por haber organizado el 28 de febrero pasado el arreo de hacienda robada a &#8220;Las Gamitas&#8221; &#8211; 217 vacas y 120 cr\u00edas &#8211; desde el fundo rural &#8220;Mar\u00eda Ang\u00e9lica&#8221; hasta el campo &#8220;La Delma&#8221;, con fines de ocultamiento, y tener bajo su propiedad, adem\u00e1s, 20 animales tambi\u00e9n de &#8220;Las Gamitas&#8221;.<\/p>\n<p>En ese sentido, los acus\u00f3 de perpetrar delitos conjuntos con los dem\u00e1s detenidos en la causa, de adulterar marcas y se\u00f1ales con el objeto de apoderamiento de hacienda, formando parte de una asociaci\u00f3n il\u00edcita cuyos jefes habr\u00edan sido Hern\u00e1n Ag\u00fa (p), Emilio Ag\u00fa y Leonardo Balsaretti, y part\u00edcipes necesarios Diego y Jes\u00fas Balsaretti y Dar\u00edo Acevedo.<\/p>\n<p>&#8220;En forma habitual y continua realizaban el apoderamiento de hacienda, con maniobras de ocultamiento de un entramado criminal&#8221;, asegur\u00f3 el fiscal, que dijo que las acciones il\u00edcitas desplegadas se vieron favorecidas por la zona donde ocurrieron, en plena pampa santafesina, lo que puso en mayor indefensi\u00f3n a la v\u00edctima.<\/p>\n<p>Tras declarar la legalidad de la detenci\u00f3n de ambos, se sustanci\u00f3 la audiencia de medida cautelar. Las partes acordaron una prisi\u00f3n preventiva de 90 d\u00edas para los coimputados que fue homologada por el juez Basualdo, en atenci\u00f3n a la necesidad de profundizar la investigaci\u00f3n, tal lo expuesto por el fiscal Maglier.<\/p>\n<p>El Dr. Sixto Gonz\u00e1lez plante\u00f3 el padecimiento cr\u00f3nico de salud que padece su pupilo Rub\u00e9n Balsaretti, que sufri\u00f3 dos infartos, pidi\u00f3 que se tenga presente esta circunstancia en el lugar de alojamiento e hizo reservas para poder revisar la prisi\u00f3n en el futuro.<\/p>\n<p>Tanto Balsaretti como Madera, por recomendaci\u00f3n de sus abogados, no hicieron uso del derecho a declarar en esta instancia del proceso. Terminada la audiencia, quedaron detenidos en la alcaid\u00eda local.<\/p>\n","protected":false},"excerpt":{"rendered":"<p>El fiscal Nicol\u00e1s Maglier les atribuy\u00f3 los delitos de abigeato triplemente agravado en concurso real con asociaci\u00f3n il\u00edcita. Se les impuso 90 d\u00edas de prisi\u00f3n preventiva. Rub\u00e9n Balsaretti y Ram\u00f3n Juan Jos\u00e9 Madera fueron imputados por los delitos mencionados en una audiencia celebrada por Zoom por la Oficina de Gesti\u00f3n Judicial de Vera, que estuvo [&hellip;]<\/p>\n","protected":false},"author":3,"featured_media":18361,"comment_status":"open","ping_status":"open","sticky":false,"template":"","format":"standard","meta":{"_joinchat":[],"footnotes":""},"categories":[56],"tags":[],"class_list":{"0":"post-18359","1":"post","2":"type-post","3":"status-publish","4":"format-standard","5":"has-post-thumbnail","7":"category-destacados"},"_links":{"self":[{"href":"https:\/\/infovera.com.ar\/web\/wp-json\/wp\/v2\/posts\/18359","targetHints":{"allow":["GET"]}}],"collection":[{"href":"https:\/\/infovera.com.ar\/web\/wp-json\/wp\/v2\/posts"}],"about":[{"href":"https:\/\/infovera.com.ar\/web\/wp-json\/wp\/v2\/types\/post"}],"author":[{"embeddable":true,"href":"https:\/\/infovera.com.ar\/web\/wp-json\/wp\/v2\/users\/3"}],"replies":[{"embeddable":true,"href":"https:\/\/infovera.com.ar\/web\/wp-json\/wp\/v2\/comments?post=18359"}],"version-history":[{"count":0,"href":"https:\/\/infovera.com.ar\/web\/wp-json\/wp\/v2\/posts\/18359\/revisions"}],"wp:featuredmedia":[{"embeddable":true,"href":"https:\/\/infovera.com.ar\/web\/wp-json\/wp\/v2\/media\/18361"}],"wp:attachment":[{"href":"https:\/\/infovera.com.ar\/web\/wp-json\/wp\/v2\/media?parent=18359"}],"wp:term":[{"taxonomy":"category","embeddable":true,"href":"https:\/\/infovera.com.ar\/web\/wp-json\/wp\/v2\/categories?post=18359"},{"taxonomy":"post_tag","embeddable":true,"href":"https:\/\/infovera.com.ar\/web\/wp-json\/wp\/v2\/tags?post=18359"}],"curies":[{"name":"wp","href":"https:\/\/api.w.org\/{rel}","templated":true}]}}