{"id":18353,"date":"2021-03-15T13:40:48","date_gmt":"2021-03-15T16:40:48","guid":{"rendered":"https:\/\/infovera.com.ar\/web\/?p=18353"},"modified":"2021-03-15T14:35:19","modified_gmt":"2021-03-15T17:35:19","slug":"cuello-y-freyre-presidieron-la-entrega-de-fondos-a-municipios-y-comunas-del-departamento-vera","status":"publish","type":"post","link":"https:\/\/infovera.com.ar\/web\/2021\/03\/15\/cuello-y-freyre-presidieron-la-entrega-de-fondos-a-municipios-y-comunas-del-departamento-vera\/","title":{"rendered":"Cuello y Freyre presidieron la entrega de fondos a municipios y comunas del departamento Vera"},"content":{"rendered":"<p><strong>El Secretario de Integraci\u00f3n y Fortalecimiento Institucional, Jos\u00e9 Luis Freyre, y el intendente, Rub\u00e9n Cuello, hicieron entrega de aportes por m\u00e1s de 23 millones de pesos a localidades del departamento Vera, correspondientes a Fondos Covid y a Obras Menores. <\/strong><\/p>\n<p>Adem\u00e1s, los gobiernos de Calchaqu\u00ed y de Vera recibieron aportes del &#8220;Plan Incluir&#8221;. Calchaqu\u00ed para realizar siete cuadras de pavimento, y Vera para construcci\u00f3n de veredas. Estuvieron presentes en Calchaqu\u00ed jefes distritales de todo el departamento.<\/p>\n<p>En el caso de Vera, la intendente Paula Mitre recibi\u00f3 varios aportes por un monto total de $19.869.258.<\/p>\n<p>El primer aporte entregado corresponde al Programa Incluir, por un monto total de $ 7.931.195,93, para la construcci\u00f3n de veredas y pasillos en los barrios: San Mart\u00edn de Porres, Mart\u00edn Fierro e Itat\u00ed.<\/p>\n<p>El segundo aporte proviene del Fondo de Obras Menores, por un monto de $ 10.238.062,67, que fueron utilizados para gastos corrientes. Tambi\u00e9n se recibieron $1.000.000 en el marco de la Emergencia COVID y $700.000 por la emergencia clim\u00e1tica.<\/p>\n<p>&nbsp;<\/p>\n","protected":false},"excerpt":{"rendered":"<p>El Secretario de Integraci\u00f3n y Fortalecimiento Institucional, Jos\u00e9 Luis Freyre, y el intendente, Rub\u00e9n Cuello, hicieron entrega de aportes por m\u00e1s de 23 millones de pesos a localidades del departamento Vera, correspondientes a Fondos Covid y a Obras Menores. Adem\u00e1s, los gobiernos de Calchaqu\u00ed y de Vera recibieron aportes del &#8220;Plan Incluir&#8221;. Calchaqu\u00ed para realizar [&hellip;]<\/p>\n","protected":false},"author":3,"featured_media":18377,"comment_status":"open","ping_status":"open","sticky":false,"template":"","format":"standard","meta":{"_joinchat":[],"footnotes":""},"categories":[56],"tags":[],"class_list":{"0":"post-18353","1":"post","2":"type-post","3":"status-publish","4":"format-standard","5":"has-post-thumbnail","7":"category-destacados"},"_links":{"self":[{"href":"https:\/\/infovera.com.ar\/web\/wp-json\/wp\/v2\/posts\/18353","targetHints":{"allow":["GET"]}}],"collection":[{"href":"https:\/\/infovera.com.ar\/web\/wp-json\/wp\/v2\/posts"}],"about":[{"href":"https:\/\/infovera.com.ar\/web\/wp-json\/wp\/v2\/types\/post"}],"author":[{"embeddable":true,"href":"https:\/\/infovera.com.ar\/web\/wp-json\/wp\/v2\/users\/3"}],"replies":[{"embeddable":true,"href":"https:\/\/infovera.com.ar\/web\/wp-json\/wp\/v2\/comments?post=18353"}],"version-history":[{"count":0,"href":"https:\/\/infovera.com.ar\/web\/wp-json\/wp\/v2\/posts\/18353\/revisions"}],"wp:featuredmedia":[{"embeddable":true,"href":"https:\/\/infovera.com.ar\/web\/wp-json\/wp\/v2\/media\/18377"}],"wp:attachment":[{"href":"https:\/\/infovera.com.ar\/web\/wp-json\/wp\/v2\/media?parent=18353"}],"wp:term":[{"taxonomy":"category","embeddable":true,"href":"https:\/\/infovera.com.ar\/web\/wp-json\/wp\/v2\/categories?post=18353"},{"taxonomy":"post_tag","embeddable":true,"href":"https:\/\/infovera.com.ar\/web\/wp-json\/wp\/v2\/tags?post=18353"}],"curies":[{"name":"wp","href":"https:\/\/api.w.org\/{rel}","templated":true}]}}