{"id":18333,"date":"2021-03-15T10:15:04","date_gmt":"2021-03-15T13:15:04","guid":{"rendered":"https:\/\/infovera.com.ar\/web\/?p=18333"},"modified":"2021-03-15T14:23:46","modified_gmt":"2021-03-15T17:23:46","slug":"trasladaron-a-reconquista-a-un-chico-que-herido-con-un-balin-en-fortin-olmos","status":"publish","type":"post","link":"https:\/\/infovera.com.ar\/web\/2021\/03\/15\/trasladaron-a-reconquista-a-un-chico-que-herido-con-un-balin-en-fortin-olmos\/","title":{"rendered":"Trasladaron a Reconquista a un chico que herido con un bal\u00edn en Fort\u00edn Olmos"},"content":{"rendered":"<p><strong>A las 18 del s\u00e1bado ingres\u00f3 un menor de al Hospital de Fort\u00edn Olmos con una herida de arma de fuego. <\/strong><\/p>\n<p>El ni\u00f1o de a\u00f1os se encontraba junto a otro menor y a un familiar mayor de edad en zona rural (cazando y pescando) portando un aire comprimido 5\/5 potenciado.<\/p>\n<p>En un descuido, el menor que se encontraba junto a ellos oprimi\u00f3 el gatillo del arma en cuesti\u00f3n y el bal\u00edn impact\u00f3 en el nene de menor edad ocasion\u00e1dole lesiones, siendo trasladado de inmediato para su atenci\u00f3n medica.<\/p>\n<p>Examinado por m\u00e9dico de guardia orden\u00f3 el traslado hacia el Hospital de la ciudad de<br \/>\nciudad de Reconquista para la continuaci\u00f3n de su tratamiento.<\/p>\n","protected":false},"excerpt":{"rendered":"<p>A las 18 del s\u00e1bado ingres\u00f3 un menor de al Hospital de Fort\u00edn Olmos con una herida de arma de fuego. El ni\u00f1o de a\u00f1os se encontraba junto a otro menor y a un familiar mayor de edad en zona rural (cazando y pescando) portando un aire comprimido 5\/5 potenciado. En un descuido, el menor [&hellip;]<\/p>\n","protected":false},"author":3,"featured_media":0,"comment_status":"open","ping_status":"open","sticky":false,"template":"","format":"standard","meta":{"_joinchat":[],"footnotes":""},"categories":[51,30],"tags":[],"class_list":{"0":"post-18333","1":"post","2":"type-post","3":"status-publish","4":"format-standard","6":"category-locales","7":"category-policiales"},"_links":{"self":[{"href":"https:\/\/infovera.com.ar\/web\/wp-json\/wp\/v2\/posts\/18333","targetHints":{"allow":["GET"]}}],"collection":[{"href":"https:\/\/infovera.com.ar\/web\/wp-json\/wp\/v2\/posts"}],"about":[{"href":"https:\/\/infovera.com.ar\/web\/wp-json\/wp\/v2\/types\/post"}],"author":[{"embeddable":true,"href":"https:\/\/infovera.com.ar\/web\/wp-json\/wp\/v2\/users\/3"}],"replies":[{"embeddable":true,"href":"https:\/\/infovera.com.ar\/web\/wp-json\/wp\/v2\/comments?post=18333"}],"version-history":[{"count":0,"href":"https:\/\/infovera.com.ar\/web\/wp-json\/wp\/v2\/posts\/18333\/revisions"}],"wp:attachment":[{"href":"https:\/\/infovera.com.ar\/web\/wp-json\/wp\/v2\/media?parent=18333"}],"wp:term":[{"taxonomy":"category","embeddable":true,"href":"https:\/\/infovera.com.ar\/web\/wp-json\/wp\/v2\/categories?post=18333"},{"taxonomy":"post_tag","embeddable":true,"href":"https:\/\/infovera.com.ar\/web\/wp-json\/wp\/v2\/tags?post=18333"}],"curies":[{"name":"wp","href":"https:\/\/api.w.org\/{rel}","templated":true}]}}