{"id":18257,"date":"2021-03-11T22:19:59","date_gmt":"2021-03-12T01:19:59","guid":{"rendered":"https:\/\/infovera.com.ar\/web\/?p=18257"},"modified":"2021-03-12T17:39:16","modified_gmt":"2021-03-12T20:39:16","slug":"detuvieron-al-padre-de-los-balsaretti-y-a-madera","status":"publish","type":"post","link":"https:\/\/infovera.com.ar\/web\/2021\/03\/11\/detuvieron-al-padre-de-los-balsaretti-y-a-madera\/","title":{"rendered":"Detuvieron al padre de los Balsaretti y a Madera"},"content":{"rendered":"<p>En el marco de la causa por abigeato y asociaci\u00f3n il\u00edcita que investiga el robo de hacienda a gran escala a la estancia Las Gamitas, a \u00faltima hora de la tarde fueron detenidos Rub\u00e9n Balsaretti, padre de los tres hermanos imputados, y al productor rural de apellido Madera, acusados de ser part\u00edcipes del denominado robo del siglo.<\/p>\n<p>La detenci\u00f3n de ambos era esperable puesto que hay probadas sospechas y fueron nombrados por el resto de los involucrados.<\/p>\n<p>La detenci\u00f3n fue ordenada por el fiscal Nicol\u00e1s Maglier, que seguramente los imputar\u00e1 en las pr\u00f3ximas horas.<\/p>\n","protected":false},"excerpt":{"rendered":"<p>En el marco de la causa por abigeato y asociaci\u00f3n il\u00edcita que investiga el robo de hacienda a gran escala a la estancia Las Gamitas, a \u00faltima hora de la tarde fueron detenidos Rub\u00e9n Balsaretti, padre de los tres hermanos imputados, y al productor rural de apellido Madera, acusados de ser part\u00edcipes del denominado robo [&hellip;]<\/p>\n","protected":false},"author":3,"featured_media":18010,"comment_status":"open","ping_status":"open","sticky":false,"template":"","format":"standard","meta":{"_joinchat":[],"footnotes":""},"categories":[51,30],"tags":[],"class_list":{"0":"post-18257","1":"post","2":"type-post","3":"status-publish","4":"format-standard","5":"has-post-thumbnail","7":"category-locales","8":"category-policiales"},"_links":{"self":[{"href":"https:\/\/infovera.com.ar\/web\/wp-json\/wp\/v2\/posts\/18257","targetHints":{"allow":["GET"]}}],"collection":[{"href":"https:\/\/infovera.com.ar\/web\/wp-json\/wp\/v2\/posts"}],"about":[{"href":"https:\/\/infovera.com.ar\/web\/wp-json\/wp\/v2\/types\/post"}],"author":[{"embeddable":true,"href":"https:\/\/infovera.com.ar\/web\/wp-json\/wp\/v2\/users\/3"}],"replies":[{"embeddable":true,"href":"https:\/\/infovera.com.ar\/web\/wp-json\/wp\/v2\/comments?post=18257"}],"version-history":[{"count":0,"href":"https:\/\/infovera.com.ar\/web\/wp-json\/wp\/v2\/posts\/18257\/revisions"}],"wp:featuredmedia":[{"embeddable":true,"href":"https:\/\/infovera.com.ar\/web\/wp-json\/wp\/v2\/media\/18010"}],"wp:attachment":[{"href":"https:\/\/infovera.com.ar\/web\/wp-json\/wp\/v2\/media?parent=18257"}],"wp:term":[{"taxonomy":"category","embeddable":true,"href":"https:\/\/infovera.com.ar\/web\/wp-json\/wp\/v2\/categories?post=18257"},{"taxonomy":"post_tag","embeddable":true,"href":"https:\/\/infovera.com.ar\/web\/wp-json\/wp\/v2\/tags?post=18257"}],"curies":[{"name":"wp","href":"https:\/\/api.w.org\/{rel}","templated":true}]}}