{"id":18223,"date":"2021-03-11T18:34:57","date_gmt":"2021-03-11T21:34:57","guid":{"rendered":"https:\/\/infovera.com.ar\/web\/?p=18223"},"modified":"2021-03-11T18:34:57","modified_gmt":"2021-03-11T21:34:57","slug":"sadop-acepto-la-propuesta-salarial-y-el-lunes-habra-clases-en-escuelas-privadas","status":"publish","type":"post","link":"https:\/\/infovera.com.ar\/web\/2021\/03\/11\/sadop-acepto-la-propuesta-salarial-y-el-lunes-habra-clases-en-escuelas-privadas\/","title":{"rendered":"Sadop acept\u00f3 la propuesta salarial y el lunes habr\u00e1 clases en escuelas privadas"},"content":{"rendered":"<p><strong>Este jueves pasado el mediod\u00eda se confirm\u00f3 que la seccional Santa Fe del Sindicato de Docentes Privados (Sadop) acept\u00f3 la propuesta del gobierno provincial y de esta manera no habr\u00e1 inconvenientes para que comience el ciclo lectivo el pr\u00f3ximo lunes 15 de marzo.\u00a0<\/strong><\/p>\n<p>A diferencia de la votaci\u00f3n del gremio de maestros p\u00fablicos (Amsafe), la de los privados result\u00f3 con el 60 por ciento de los votos positivos.<\/p>\n<p>&nbsp;<\/p>\n<p>Previo a la votaci\u00f3n, Pedro Bayugar miembro de Sadop hab\u00eda considerado como \u201cbuena\u201d la propuesta oficial porque \u201cel salario le gana a la inflaci\u00f3n\u201d.\u00a0 Tambi\u00e9n vio como positiva la opci\u00f3n de revisar el acuerdo en el segundo semestre del 2021.<\/p>\n<p>Cabe recordar que la administraci\u00f3n de Omar Perotti ofreci\u00f3 una suba salarial del 35 por ciento en tres tramos a pagar de la siguiente manera: 18% en marzo, 8% en julio y 9% en septiembre. Este panorama se revisar\u00e1 en el mes de octubre.<\/p>\n<p>En este sentido, Amsafe tuvo una votaci\u00f3n m\u00e1s re\u00f1ida y se decidi\u00f3 rechazar la propuesta, al tiempo que lanzaron un paro de 48 horas, previsto para lunes 15 y martes 16 de marzo.<\/p>\n<p>&nbsp;<\/p>\n","protected":false},"excerpt":{"rendered":"<p>Este jueves pasado el mediod\u00eda se confirm\u00f3 que la seccional Santa Fe del Sindicato de Docentes Privados (Sadop) acept\u00f3 la propuesta del gobierno provincial y de esta manera no habr\u00e1 inconvenientes para que comience el ciclo lectivo el pr\u00f3ximo lunes 15 de marzo.\u00a0 A diferencia de la votaci\u00f3n del gremio de maestros p\u00fablicos (Amsafe), la [&hellip;]<\/p>\n","protected":false},"author":3,"featured_media":18224,"comment_status":"open","ping_status":"open","sticky":false,"template":"","format":"standard","meta":{"_joinchat":[],"footnotes":""},"categories":[60],"tags":[],"class_list":{"0":"post-18223","1":"post","2":"type-post","3":"status-publish","4":"format-standard","5":"has-post-thumbnail","7":"category-provinciales"},"_links":{"self":[{"href":"https:\/\/infovera.com.ar\/web\/wp-json\/wp\/v2\/posts\/18223","targetHints":{"allow":["GET"]}}],"collection":[{"href":"https:\/\/infovera.com.ar\/web\/wp-json\/wp\/v2\/posts"}],"about":[{"href":"https:\/\/infovera.com.ar\/web\/wp-json\/wp\/v2\/types\/post"}],"author":[{"embeddable":true,"href":"https:\/\/infovera.com.ar\/web\/wp-json\/wp\/v2\/users\/3"}],"replies":[{"embeddable":true,"href":"https:\/\/infovera.com.ar\/web\/wp-json\/wp\/v2\/comments?post=18223"}],"version-history":[{"count":0,"href":"https:\/\/infovera.com.ar\/web\/wp-json\/wp\/v2\/posts\/18223\/revisions"}],"wp:featuredmedia":[{"embeddable":true,"href":"https:\/\/infovera.com.ar\/web\/wp-json\/wp\/v2\/media\/18224"}],"wp:attachment":[{"href":"https:\/\/infovera.com.ar\/web\/wp-json\/wp\/v2\/media?parent=18223"}],"wp:term":[{"taxonomy":"category","embeddable":true,"href":"https:\/\/infovera.com.ar\/web\/wp-json\/wp\/v2\/categories?post=18223"},{"taxonomy":"post_tag","embeddable":true,"href":"https:\/\/infovera.com.ar\/web\/wp-json\/wp\/v2\/tags?post=18223"}],"curies":[{"name":"wp","href":"https:\/\/api.w.org\/{rel}","templated":true}]}}