{"id":18202,"date":"2021-03-11T08:34:05","date_gmt":"2021-03-11T11:34:05","guid":{"rendered":"https:\/\/infovera.com.ar\/web\/?p=18202"},"modified":"2021-03-12T11:54:53","modified_gmt":"2021-03-12T14:54:53","slug":"ruben-cuello-coordina-la-llegada-del-programa-santa-fe-mas-en-todo-el-departamento-vera","status":"publish","type":"post","link":"https:\/\/infovera.com.ar\/web\/2021\/03\/11\/ruben-cuello-coordina-la-llegada-del-programa-santa-fe-mas-en-todo-el-departamento-vera\/","title":{"rendered":"Rub\u00e9n Cuello coordina la llegada del programa Santa Fe M\u00e1s en todo el departamento Vera"},"content":{"rendered":"<p><strong>El intendente de Calchaqui, Rub\u00e9n Cuello, recorri\u00f3 localidades junto a la encargada e la zona norte de la provincia del programa Santa Fe M\u00e1s.<\/strong><\/p>\n<p>Ambos visitaron Los Amores, Garabato, Intiyaco, Tartagal, Fort\u00edn Olmos, Vera, La Gallareta y Margarita, reuni\u00e9ndose con presidentes comunales e instituciones para coordinar la llegada del programa al departamento. En esta ciudad estuvieron en La Quinta.<\/p>\n<p>En esta primera etapa el gobierno provincial favorecer\u00e1 con un treintena de programas a j\u00f3venes del departamento Vera.<\/p>\n<p><strong>SANTA FE M\u00c1S<\/strong><\/p>\n<p>Un programa provincial de\u00a0inclusi\u00f3n\u00a0que apunta a la restituci\u00f3n de tus derechos como joven.<\/p>\n<p>El Santa Fe M\u00e1s te\u00a0acompa\u00f1a\u00a0en tu recorrido formativo y educativo brind\u00e1ndote herramientas para la inserci\u00f3n en el mundo del trabajo.<\/p>\n<p><strong>\u00bfPuedo participar?<\/strong><\/p>\n<p>Si ten\u00e9s entre 16 y 30 a\u00f1os y te encontr\u00e1s fuera del mercado laboral formal o dejaste la escuela, y ten\u00e9s ganas de empezar un taller de formaci\u00f3n en alg\u00fan oficio de tu inter\u00e9s, Santa Fe M\u00e1s te espera.<\/p>\n<p><strong>INCLUSIVO Y DIVERSO<\/strong><\/p>\n<p>M\u00e1s Inclusivo.\u00a0Promueve la inclusi\u00f3n socio-econ\u00f3mica y educativa de las y los j\u00f3venes santafesinas\/os.<\/p>\n<p>M\u00e1s Diverso.\u00a0Construye espacios formativos basados en el respeto a la diversidad y disidencias e igualdad entre los g\u00e9neros.<\/p>\n<p>M\u00e1s Trabajo. Articula con el sector privado pr\u00e1cticas laborales que permitan a las y los j\u00f3venes proyectarse en el mundo del trabajo.<\/p>\n<p>M\u00e1s Producci\u00f3n. Acompa\u00f1a la constituci\u00f3n de unidades productivas y cooperativas en funci\u00f3n de los intereses y necesidades de las y los j\u00f3venes, y seg\u00fan las demandas de las econom\u00edas locales y regionales.<\/p>\n<p>M\u00e1s Educaci\u00f3n. Promueve la revinculaci\u00f3n de las y los j\u00f3venes con el sistema educativo formal para que puedan terminar sus estudios primarios y secundarios.<\/p>\n<p><strong>\u00bfEn qu\u00e9 consiste?<\/strong><\/p>\n<p><strong>Primera etapa:\u00a0Trayecto formativo<\/strong><\/p>\n<p>Te proponemos una amplia variedad de talleres socio-productivos para que puedas formarte en \u00e1mbitos que sean de tu inter\u00e9s y respondan a tus demandas e inquietudes.<\/p>\n<p>Estos talleres est\u00e1n pensados en m\u00f3dulos de tres meses con dos encuentros semanales en los que ir\u00e1s aprendiendo mientras hac\u00e9s. Al finalizar cada m\u00f3dulo, te proponemos que pienses junto al grupo una actividad relacionada con lo que aprendiste para dejar huellas en tu barrio o tu localidad.<\/p>\n<p>Los talleres son espacios para construir conocimientos a partir de revalorizar tus propios saberes, fortalecer los lazos socio-afectivos y reafirmar tu identidad. La grupalidad y los v\u00ednculos colectivos y solidarios son pilares fundamentales del Santa Fe M\u00e1s.<\/p>\n<p><strong>Segunda etapa:\u00a0Estrategia de egreso<\/strong><\/p>\n<p>Te acompa\u00f1amos en la realizaci\u00f3n de tus proyectos productivos o laborales a partir de la formaci\u00f3n que elegiste.<\/p>\n<p>Esta etapa prev\u00e9 tu egreso, ya sea para insertarte laboralmente, retomar la escuela o emprender un trabajo cooperativo o autogestivo.<\/p>\n<p>Una vez que hayas atravesado los m\u00f3dulos formativos, podr\u00e1s pensar en grupo una estrategia de egreso que permita insertarte definitivamente en el mundo del trabajo. Seg\u00fan los intereses grupales e individuales, consiste en una pr\u00e1ctica laboral en una empresa, industria o comercio del sector privado, o en la constituci\u00f3n de una unidad productiva o cooperativa que te permita, en un futuro, autosolventar tu econom\u00eda.<\/p>\n<p><strong>COMPARTIR EXPERIENCIAS<\/strong><\/p>\n<p>El programa prev\u00e9\u00a0encuentros quincenales\u00a0entre los integrantes de cada grupo y otras instancias que permitan vincular los distintos talleres para; compartir experiencias, retrabajar colectivamente situaciones cotidianas, construir redes comunitarias, plantear desaf\u00edos y proyectar sus econom\u00edas, pensar la formaci\u00f3n de manera integral, y realizar actividades de esparcimiento, deportivas y culturales.<\/p>\n<div id='gallery-1' class='gallery galleryid-18202 gallery-columns-3 gallery-size-thumbnail'><figure class='gallery-item'>\n\t\t\t<div class='gallery-icon landscape'>\n\t\t\t\t<a href='https:\/\/infovera.com.ar\/web\/2021\/03\/11\/ruben-cuello-coordina-la-llegada-del-programa-santa-fe-mas-en-todo-el-departamento-vera\/cuello-6\/'><img loading=\"lazy\" decoding=\"async\" width=\"150\" height=\"150\" src=\"https:\/\/infovera.com.ar\/web\/wp-content\/uploads\/2021\/03\/CUELLO-150x150.jpg\" class=\"attachment-thumbnail size-thumbnail\" alt=\"\" \/><\/a>\n\t\t\t<\/div><\/figure><figure class='gallery-item'>\n\t\t\t<div class='gallery-icon landscape'>\n\t\t\t\t<a href='https:\/\/infovera.com.ar\/web\/2021\/03\/11\/ruben-cuello-coordina-la-llegada-del-programa-santa-fe-mas-en-todo-el-departamento-vera\/presidentes-2\/'><img loading=\"lazy\" decoding=\"async\" width=\"150\" height=\"150\" src=\"https:\/\/infovera.com.ar\/web\/wp-content\/uploads\/2021\/03\/presidentes-150x150.jpg\" class=\"attachment-thumbnail size-thumbnail\" alt=\"\" \/><\/a>\n\t\t\t<\/div><\/figure><figure class='gallery-item'>\n\t\t\t<div class='gallery-icon landscape'>\n\t\t\t\t<a href='https:\/\/infovera.com.ar\/web\/2021\/03\/11\/ruben-cuello-coordina-la-llegada-del-programa-santa-fe-mas-en-todo-el-departamento-vera\/cuello-7\/'><img loading=\"lazy\" decoding=\"async\" width=\"150\" height=\"150\" src=\"https:\/\/infovera.com.ar\/web\/wp-content\/uploads\/2021\/03\/CUELLO-1-150x150.jpg\" class=\"attachment-thumbnail size-thumbnail\" alt=\"\" \/><\/a>\n\t\t\t<\/div><\/figure><figure class='gallery-item'>\n\t\t\t<div class='gallery-icon landscape'>\n\t\t\t\t<a href='https:\/\/infovera.com.ar\/web\/2021\/03\/11\/ruben-cuello-coordina-la-llegada-del-programa-santa-fe-mas-en-todo-el-departamento-vera\/la-quinta\/'><img loading=\"lazy\" decoding=\"async\" width=\"150\" height=\"150\" src=\"https:\/\/infovera.com.ar\/web\/wp-content\/uploads\/2021\/03\/la-quinta-150x150.jpg\" class=\"attachment-thumbnail size-thumbnail\" alt=\"\" \/><\/a>\n\t\t\t<\/div><\/figure>\n\t\t<\/div>\n\n","protected":false},"excerpt":{"rendered":"<p>El intendente de Calchaqui, Rub\u00e9n Cuello, recorri\u00f3 localidades junto a la encargada e la zona norte de la provincia del programa Santa Fe M\u00e1s. Ambos visitaron Los Amores, Garabato, Intiyaco, Tartagal, Fort\u00edn Olmos, Vera, La Gallareta y Margarita, reuni\u00e9ndose con presidentes comunales e instituciones para coordinar la llegada del programa al departamento. En esta ciudad [&hellip;]<\/p>\n","protected":false},"author":3,"featured_media":18204,"comment_status":"open","ping_status":"open","sticky":false,"template":"","format":"standard","meta":{"_joinchat":[],"footnotes":""},"categories":[53],"tags":[],"class_list":{"0":"post-18202","1":"post","2":"type-post","3":"status-publish","4":"format-standard","5":"has-post-thumbnail","7":"category-vera"},"_links":{"self":[{"href":"https:\/\/infovera.com.ar\/web\/wp-json\/wp\/v2\/posts\/18202","targetHints":{"allow":["GET"]}}],"collection":[{"href":"https:\/\/infovera.com.ar\/web\/wp-json\/wp\/v2\/posts"}],"about":[{"href":"https:\/\/infovera.com.ar\/web\/wp-json\/wp\/v2\/types\/post"}],"author":[{"embeddable":true,"href":"https:\/\/infovera.com.ar\/web\/wp-json\/wp\/v2\/users\/3"}],"replies":[{"embeddable":true,"href":"https:\/\/infovera.com.ar\/web\/wp-json\/wp\/v2\/comments?post=18202"}],"version-history":[{"count":0,"href":"https:\/\/infovera.com.ar\/web\/wp-json\/wp\/v2\/posts\/18202\/revisions"}],"wp:featuredmedia":[{"embeddable":true,"href":"https:\/\/infovera.com.ar\/web\/wp-json\/wp\/v2\/media\/18204"}],"wp:attachment":[{"href":"https:\/\/infovera.com.ar\/web\/wp-json\/wp\/v2\/media?parent=18202"}],"wp:term":[{"taxonomy":"category","embeddable":true,"href":"https:\/\/infovera.com.ar\/web\/wp-json\/wp\/v2\/categories?post=18202"},{"taxonomy":"post_tag","embeddable":true,"href":"https:\/\/infovera.com.ar\/web\/wp-json\/wp\/v2\/tags?post=18202"}],"curies":[{"name":"wp","href":"https:\/\/api.w.org\/{rel}","templated":true}]}}