{"id":18091,"date":"2021-03-09T10:52:30","date_gmt":"2021-03-09T13:52:30","guid":{"rendered":"https:\/\/infovera.com.ar\/web\/?p=18091"},"modified":"2021-03-09T17:53:26","modified_gmt":"2021-03-09T20:53:26","slug":"expresiones-racistas-contra-la-policia-del-ministro-marcelo-sain","status":"publish","type":"post","link":"https:\/\/infovera.com.ar\/web\/2021\/03\/09\/expresiones-racistas-contra-la-policia-del-ministro-marcelo-sain\/","title":{"rendered":"Expresiones racistas contra la Polic\u00eda del ministro Marcelo Sain"},"content":{"rendered":"<p><strong>Unas graves expresiones racistas, adem\u00e1s de insultos a los santafesinos, elogios\u00a0al centralismo porte\u00f1o y una serie de ep\u00edtetos machistas, contiene un audio en el que se identifica la voz del ministro de Seguridad de la Provincia de Santa Fe, Marcelo Sain.<\/strong><\/p>\n<p>La difusi\u00f3n por redes sociales del mon\u00f3logo es presentada como una reprimenda a polic\u00edas, pero no est\u00e1 claro el contexto en que \u2013presumiblemente- se produjeron las palabras exaltadas del funcionario. En tan solo 44 segundos aparecen, en tres momentos diferentes, palabras cargadas de racismo. Siempre en contra de las personas de raza negra. Tambi\u00e9n denigra por &#8220;pueblerina&#8221; a la &#8220;visi\u00f3n santafesina&#8221; a lo que dice enfrentar.<\/p>\n<p>Califica de &#8220;vestuario de la &#8216;D&#8217; &#8220;, al lugar en que le toca &#8220;jugar&#8221; en la provincia y afirma que como funcionario viene de &#8220;muchos a\u00f1os en la primera &#8216;A&#8217; &#8220;.<\/p>\n<p><strong>&#8220;Raro que salga ahora&#8221;<\/strong><\/p>\n<p>Mediante su cuenta de Twitter, el ministro de Seguridad, Marcelo Sain, dijo lo siguiente: &#8220;El audio privado que se est\u00e1 difundiendo tiene un a\u00f1o y medio. Es un audio &#8216;privado&#8217; enviado a un jefe de polic\u00eda con pretensi\u00f3n de ministro. No es una escucha judicial, un material de prueba defendiendo a un polic\u00eda narco, como los que estan en la justicia. Raro que salga ahora&#8221;.<\/p>\n<p>Fuente: El Litoral<\/p>\n","protected":false},"excerpt":{"rendered":"<p>Unas graves expresiones racistas, adem\u00e1s de insultos a los santafesinos, elogios\u00a0al centralismo porte\u00f1o y una serie de ep\u00edtetos machistas, contiene un audio en el que se identifica la voz del ministro de Seguridad de la Provincia de Santa Fe, Marcelo Sain. La difusi\u00f3n por redes sociales del mon\u00f3logo es presentada como una reprimenda a polic\u00edas, [&hellip;]<\/p>\n","protected":false},"author":3,"featured_media":0,"comment_status":"open","ping_status":"open","sticky":false,"template":"","format":"standard","meta":{"_joinchat":[],"footnotes":""},"categories":[1],"tags":[],"class_list":{"0":"post-18091","1":"post","2":"type-post","3":"status-publish","4":"format-standard","6":"category-sin-categoria"},"_links":{"self":[{"href":"https:\/\/infovera.com.ar\/web\/wp-json\/wp\/v2\/posts\/18091","targetHints":{"allow":["GET"]}}],"collection":[{"href":"https:\/\/infovera.com.ar\/web\/wp-json\/wp\/v2\/posts"}],"about":[{"href":"https:\/\/infovera.com.ar\/web\/wp-json\/wp\/v2\/types\/post"}],"author":[{"embeddable":true,"href":"https:\/\/infovera.com.ar\/web\/wp-json\/wp\/v2\/users\/3"}],"replies":[{"embeddable":true,"href":"https:\/\/infovera.com.ar\/web\/wp-json\/wp\/v2\/comments?post=18091"}],"version-history":[{"count":0,"href":"https:\/\/infovera.com.ar\/web\/wp-json\/wp\/v2\/posts\/18091\/revisions"}],"wp:attachment":[{"href":"https:\/\/infovera.com.ar\/web\/wp-json\/wp\/v2\/media?parent=18091"}],"wp:term":[{"taxonomy":"category","embeddable":true,"href":"https:\/\/infovera.com.ar\/web\/wp-json\/wp\/v2\/categories?post=18091"},{"taxonomy":"post_tag","embeddable":true,"href":"https:\/\/infovera.com.ar\/web\/wp-json\/wp\/v2\/tags?post=18091"}],"curies":[{"name":"wp","href":"https:\/\/api.w.org\/{rel}","templated":true}]}}