{"id":18083,"date":"2021-03-08T14:33:00","date_gmt":"2021-03-08T17:33:00","guid":{"rendered":"https:\/\/infovera.com.ar\/web\/?p=18083"},"modified":"2021-03-08T14:33:31","modified_gmt":"2021-03-08T17:33:31","slug":"la-provincia-ofrecio-un-35-de-aumento-salarial-a-los-docentes","status":"publish","type":"post","link":"https:\/\/infovera.com.ar\/web\/2021\/03\/08\/la-provincia-ofrecio-un-35-de-aumento-salarial-a-los-docentes\/","title":{"rendered":"La provincia ofreci\u00f3 un 35% de aumento salarial a los docentes"},"content":{"rendered":"<p><strong>El ministro de Trabajo, Juan Manuel Pusineri, explic\u00f3 que el aumento se pagar\u00e1 en tres tramos en los meses de marzo, julio y septiembre. Adem\u00e1s, est\u00e1 prevista una cl\u00e1usula de revisi\u00f3n para el mes de octubre.<\/strong><\/p>\n<p>El ministro de Trabajo, Empleo y Seguridad Social, Juan Manuel Pusineri, inform\u00f3 tras la reuni\u00f3n paritaria con los gremios docentes que el Gobierno de Santa Fe realiz\u00f3 una oferta del 35% de aumento salarial para las trabajadoras y los trabajadores del sector: \u201cLa propuesta salarial del gobierno consiste en un incremento anual de un 35% que se distribuye en tres tramos: un primer aumento del 18% para marzo, un segundo tramo en el mes de julio del 8%, y para septiembre el restante 9%\u201d, detall\u00f3.<\/p>\n<p>Adem\u00e1s, explic\u00f3 que para marzo \u201cse contempla la duplicaci\u00f3n del monto de material de estudio para que, una vez que sea aplicado ese 18%, se lo vuelva a computar o se lo duplique alcanzando la suma de 1.357 pesos\u201d. Por otra parte, est\u00e1 prevista una cl\u00e1usula de revisi\u00f3n para el mes de octubre: \u201cAtendiendo a la evoluci\u00f3n de la inflaci\u00f3n y del salario, se van a analizar las alternativas que existen respecto de estas variables econ\u00f3micas, salariales e inflacionarias que van a estar en juego\u201d.<\/p>\n<p>Con respecto a las negociaciones, Pusineri se\u00f1al\u00f3 que la oferta presentada en el d\u00eda de hoy se viene trabajando desde principios del mes de febrero cuando se iniciaron los primeros encuentros: \u201cLlegamos con un piso de conversaci\u00f3n para la mejor oferta que puede formular el gobierno y que ha sido muy conversada, muy discutida y con referencias inequ\u00edvocas en la cuesti\u00f3n nacional\u201d.<\/p>\n<p>En esta l\u00ednea, el ministro hizo hincapi\u00e9 en que la principal referencia fue la paritaria docente nacional: \u201cEn eso existe una base de consenso, y me parece que ese marco referencial es inevitable en este contexto para el resto de los sectores, porque as\u00ed tambi\u00e9n lo hemos conversado con ellos\u201d.<\/p>\n<div style=\"width: 640px;\" class=\"wp-video\"><video class=\"wp-video-shortcode\" id=\"video-18083-1\" width=\"640\" height=\"360\" preload=\"metadata\" controls=\"controls\"><source type=\"video\/mp4\" src=\"https:\/\/www.santafe.gov.ar\/noticias\/recursos\/videosHD\/2021\/03\/2021-03-08NID_270216O_1.mp4?_=1\" \/><a href=\"https:\/\/www.santafe.gov.ar\/noticias\/recursos\/videosHD\/2021\/03\/2021-03-08NID_270216O_1.mp4\">https:\/\/www.santafe.gov.ar\/noticias\/recursos\/videosHD\/2021\/03\/2021-03-08NID_270216O_1.mp4<\/a><\/video><\/div>\n","protected":false},"excerpt":{"rendered":"<p>El ministro de Trabajo, Juan Manuel Pusineri, explic\u00f3 que el aumento se pagar\u00e1 en tres tramos en los meses de marzo, julio y septiembre. Adem\u00e1s, est\u00e1 prevista una cl\u00e1usula de revisi\u00f3n para el mes de octubre. El ministro de Trabajo, Empleo y Seguridad Social, Juan Manuel Pusineri, inform\u00f3 tras la reuni\u00f3n paritaria con los gremios [&hellip;]<\/p>\n","protected":false},"author":3,"featured_media":0,"comment_status":"open","ping_status":"open","sticky":false,"template":"","format":"standard","meta":{"_joinchat":[],"footnotes":""},"categories":[60],"tags":[],"class_list":{"0":"post-18083","1":"post","2":"type-post","3":"status-publish","4":"format-standard","6":"category-provinciales"},"_links":{"self":[{"href":"https:\/\/infovera.com.ar\/web\/wp-json\/wp\/v2\/posts\/18083","targetHints":{"allow":["GET"]}}],"collection":[{"href":"https:\/\/infovera.com.ar\/web\/wp-json\/wp\/v2\/posts"}],"about":[{"href":"https:\/\/infovera.com.ar\/web\/wp-json\/wp\/v2\/types\/post"}],"author":[{"embeddable":true,"href":"https:\/\/infovera.com.ar\/web\/wp-json\/wp\/v2\/users\/3"}],"replies":[{"embeddable":true,"href":"https:\/\/infovera.com.ar\/web\/wp-json\/wp\/v2\/comments?post=18083"}],"version-history":[{"count":0,"href":"https:\/\/infovera.com.ar\/web\/wp-json\/wp\/v2\/posts\/18083\/revisions"}],"wp:attachment":[{"href":"https:\/\/infovera.com.ar\/web\/wp-json\/wp\/v2\/media?parent=18083"}],"wp:term":[{"taxonomy":"category","embeddable":true,"href":"https:\/\/infovera.com.ar\/web\/wp-json\/wp\/v2\/categories?post=18083"},{"taxonomy":"post_tag","embeddable":true,"href":"https:\/\/infovera.com.ar\/web\/wp-json\/wp\/v2\/tags?post=18083"}],"curies":[{"name":"wp","href":"https:\/\/api.w.org\/{rel}","templated":true}]}}