{"id":18069,"date":"2021-03-08T12:29:51","date_gmt":"2021-03-08T15:29:51","guid":{"rendered":"https:\/\/infovera.com.ar\/web\/?p=18069"},"modified":"2021-03-08T12:29:51","modified_gmt":"2021-03-08T15:29:51","slug":"esto-no-es-una-foto-sino-parte-de-la-historia-endemica-del-delito-de-abigeato-en-el-norte-provincial","status":"publish","type":"post","link":"https:\/\/infovera.com.ar\/web\/2021\/03\/08\/esto-no-es-una-foto-sino-parte-de-la-historia-endemica-del-delito-de-abigeato-en-el-norte-provincial\/","title":{"rendered":"&#8220;Esto no es una foto, sino parte de la historia end\u00e9mica del delito de abigeato en el norte provincial"},"content":{"rendered":"<p><strong>La Sociedad Rural de Reconquista, ante los hechos de p\u00fablico conocimiento referidos a <\/strong><strong>los casos de abigeato,<\/strong> y luego de &#8220;guardar prudente silencio mientras acontec\u00edan las investigaciones, quiere expresar su firme apoyo a la actuaci\u00f3n de la justicia y las fuerzas de seguridad en pos de aclarar estos hechos&#8221;.<\/p>\n<p>La entidad sostuvo: &#8220;No podemos dejar de recalcar que esto no es una foto, sino parte de la historia end\u00e9mica del delito de abigeato en el norte provincial. Vemos tambi\u00e9n con<br \/>\nbenepl\u00e1cito el compromiso asumido por el gobierno provincial en esta ocasi\u00f3n, y<br \/>\nagradecemos la preocupaci\u00f3n personal del ministro Costamagna&#8221;.<\/p>\n","protected":false},"excerpt":{"rendered":"<p>La Sociedad Rural de Reconquista, ante los hechos de p\u00fablico conocimiento referidos a los casos de abigeato, y luego de &#8220;guardar prudente silencio mientras acontec\u00edan las investigaciones, quiere expresar su firme apoyo a la actuaci\u00f3n de la justicia y las fuerzas de seguridad en pos de aclarar estos hechos&#8221;. La entidad sostuvo: &#8220;No podemos dejar [&hellip;]<\/p>\n","protected":false},"author":3,"featured_media":17935,"comment_status":"open","ping_status":"open","sticky":false,"template":"","format":"standard","meta":{"_joinchat":[],"footnotes":""},"categories":[55],"tags":[],"class_list":{"0":"post-18069","1":"post","2":"type-post","3":"status-publish","4":"format-standard","5":"has-post-thumbnail","7":"category-reconquista"},"_links":{"self":[{"href":"https:\/\/infovera.com.ar\/web\/wp-json\/wp\/v2\/posts\/18069","targetHints":{"allow":["GET"]}}],"collection":[{"href":"https:\/\/infovera.com.ar\/web\/wp-json\/wp\/v2\/posts"}],"about":[{"href":"https:\/\/infovera.com.ar\/web\/wp-json\/wp\/v2\/types\/post"}],"author":[{"embeddable":true,"href":"https:\/\/infovera.com.ar\/web\/wp-json\/wp\/v2\/users\/3"}],"replies":[{"embeddable":true,"href":"https:\/\/infovera.com.ar\/web\/wp-json\/wp\/v2\/comments?post=18069"}],"version-history":[{"count":0,"href":"https:\/\/infovera.com.ar\/web\/wp-json\/wp\/v2\/posts\/18069\/revisions"}],"wp:featuredmedia":[{"embeddable":true,"href":"https:\/\/infovera.com.ar\/web\/wp-json\/wp\/v2\/media\/17935"}],"wp:attachment":[{"href":"https:\/\/infovera.com.ar\/web\/wp-json\/wp\/v2\/media?parent=18069"}],"wp:term":[{"taxonomy":"category","embeddable":true,"href":"https:\/\/infovera.com.ar\/web\/wp-json\/wp\/v2\/categories?post=18069"},{"taxonomy":"post_tag","embeddable":true,"href":"https:\/\/infovera.com.ar\/web\/wp-json\/wp\/v2\/tags?post=18069"}],"curies":[{"name":"wp","href":"https:\/\/api.w.org\/{rel}","templated":true}]}}