{"id":18057,"date":"2021-03-08T11:35:45","date_gmt":"2021-03-08T14:35:45","guid":{"rendered":"https:\/\/infovera.com.ar\/web\/?p=18057"},"modified":"2021-03-08T11:35:45","modified_gmt":"2021-03-08T14:35:45","slug":"secuestraron-mas-hacienda-de-ianozzi-en-un-campo-de-canada-ombu","status":"publish","type":"post","link":"https:\/\/infovera.com.ar\/web\/2021\/03\/08\/secuestraron-mas-hacienda-de-ianozzi-en-un-campo-de-canada-ombu\/","title":{"rendered":"Secuestraron m\u00e1s hacienda de Ianozzi en un campo de Ca\u00f1ada Omb\u00fa"},"content":{"rendered":"<p><strong>Con referencia a la investigaci\u00f3n penal preparatoria con calificaci\u00f3n legal de abigeato triplemente calificado en concurso real con asociaci\u00f3n il\u00edcita, que tiene como damnificada la firma &#8220;Las Gamitas&#8221;, el s\u00e1badoagentes rurales llevaron a cabo paro de rodeo en el fundo rural &#8220;Las Mulitas&#8221;, ubicado en la zona rural del distrito de Ca\u00f1ada Omb\u00fa.<\/strong><\/p>\n<p>En el rejunte de la totalidad de hacienda vacuna existente en el predio se logr\u00f3 el secuestro preventivo de 12 vacas, propiedad de la &#8220;Las Gamitas&#8221;, en los que se advirtieron anomal\u00edas en sus dise\u00f1os de se\u00f1ales, no as\u00ed en sus dise\u00f1os de marcas.<\/p>\n<p>La hacienda secuestrada se traslad\u00f3 a la estancia mencionada donde se les practicar\u00e1 pericias que estar\u00e1n a cargo de m\u00e9dicos veterinarios adscriptos a Seguridad Rural.<\/p>\n","protected":false},"excerpt":{"rendered":"<p>Con referencia a la investigaci\u00f3n penal preparatoria con calificaci\u00f3n legal de abigeato triplemente calificado en concurso real con asociaci\u00f3n il\u00edcita, que tiene como damnificada la firma &#8220;Las Gamitas&#8221;, el s\u00e1badoagentes rurales llevaron a cabo paro de rodeo en el fundo rural &#8220;Las Mulitas&#8221;, ubicado en la zona rural del distrito de Ca\u00f1ada Omb\u00fa. En el [&hellip;]<\/p>\n","protected":false},"author":3,"featured_media":18065,"comment_status":"open","ping_status":"open","sticky":false,"template":"","format":"standard","meta":{"_joinchat":[],"footnotes":""},"categories":[51,30],"tags":[],"class_list":{"0":"post-18057","1":"post","2":"type-post","3":"status-publish","4":"format-standard","5":"has-post-thumbnail","7":"category-locales","8":"category-policiales"},"_links":{"self":[{"href":"https:\/\/infovera.com.ar\/web\/wp-json\/wp\/v2\/posts\/18057","targetHints":{"allow":["GET"]}}],"collection":[{"href":"https:\/\/infovera.com.ar\/web\/wp-json\/wp\/v2\/posts"}],"about":[{"href":"https:\/\/infovera.com.ar\/web\/wp-json\/wp\/v2\/types\/post"}],"author":[{"embeddable":true,"href":"https:\/\/infovera.com.ar\/web\/wp-json\/wp\/v2\/users\/3"}],"replies":[{"embeddable":true,"href":"https:\/\/infovera.com.ar\/web\/wp-json\/wp\/v2\/comments?post=18057"}],"version-history":[{"count":0,"href":"https:\/\/infovera.com.ar\/web\/wp-json\/wp\/v2\/posts\/18057\/revisions"}],"wp:featuredmedia":[{"embeddable":true,"href":"https:\/\/infovera.com.ar\/web\/wp-json\/wp\/v2\/media\/18065"}],"wp:attachment":[{"href":"https:\/\/infovera.com.ar\/web\/wp-json\/wp\/v2\/media?parent=18057"}],"wp:term":[{"taxonomy":"category","embeddable":true,"href":"https:\/\/infovera.com.ar\/web\/wp-json\/wp\/v2\/categories?post=18057"},{"taxonomy":"post_tag","embeddable":true,"href":"https:\/\/infovera.com.ar\/web\/wp-json\/wp\/v2\/tags?post=18057"}],"curies":[{"name":"wp","href":"https:\/\/api.w.org\/{rel}","templated":true}]}}