{"id":18039,"date":"2021-03-08T09:40:10","date_gmt":"2021-03-08T12:40:10","guid":{"rendered":"https:\/\/infovera.com.ar\/web\/?p=18039"},"modified":"2021-03-08T12:49:56","modified_gmt":"2021-03-08T15:49:56","slug":"repudio-en-redes-sociales-al-evento-masivo-sin-distanciamiento-ni-proteccion","status":"publish","type":"post","link":"https:\/\/infovera.com.ar\/web\/2021\/03\/08\/repudio-en-redes-sociales-al-evento-masivo-sin-distanciamiento-ni-proteccion\/","title":{"rendered":"Repudio en redes sociales al evento masivo &#8220;sin distanciamiento ni protecci\u00f3n&#8221;"},"content":{"rendered":"<p><strong>Varios j\u00f3venes de Vera se manifestaron a trav\u00e9s de las redes sociales repudiando el hecho de que al evento organizado por la Municipalidad asistieron m\u00e1s de 400 personas con escaso distanciamiento y medidas de protecci\u00f3n.<\/strong><\/p>\n<p>Los usuarios de Instagram y Twitter reclamaron saber el motivo por cual se permiti\u00f3 ese tipo de eventos y no se permitir\u00e1 esa concurrencia en los partidos de futbol programados por la Liga.<\/p>\n<p>Otros citaron: &#8220;Nos escrachan en las &#8216;clandes&#8217; y esta fiesta fue a plena luz del d\u00eda y con cientos de personas&#8221;.<\/p>\n<p>El lcuestionado evento podr\u00eda haberse desarrollado con las medidas pertinentes si el municipio tendr\u00eda el control de la situaci\u00f3n, que una vez finalizado, los cientos de j\u00f3venes que asistieron quedaron en el espacio p\u00fablico.<\/p>\n<p>P\u00fablicas y notorias son las fotos que el propio gobierno verense subi\u00f3 a sus redes, donde qued\u00f3 evidenciado la ausencia mayoritaria de barbijos y de distancia social que no pudo ser disimulada por el peque\u00f1o recipiente con el que la intendente Mitre repart\u00eda alcohol en gel.<\/p>\n","protected":false},"excerpt":{"rendered":"<p>Varios j\u00f3venes de Vera se manifestaron a trav\u00e9s de las redes sociales repudiando el hecho de que al evento organizado por la Municipalidad asistieron m\u00e1s de 400 personas con escaso distanciamiento y medidas de protecci\u00f3n. Los usuarios de Instagram y Twitter reclamaron saber el motivo por cual se permiti\u00f3 ese tipo de eventos y no [&hellip;]<\/p>\n","protected":false},"author":3,"featured_media":18040,"comment_status":"open","ping_status":"open","sticky":false,"template":"","format":"standard","meta":{"_joinchat":[],"footnotes":""},"categories":[53],"tags":[],"class_list":{"0":"post-18039","1":"post","2":"type-post","3":"status-publish","4":"format-standard","5":"has-post-thumbnail","7":"category-vera"},"_links":{"self":[{"href":"https:\/\/infovera.com.ar\/web\/wp-json\/wp\/v2\/posts\/18039","targetHints":{"allow":["GET"]}}],"collection":[{"href":"https:\/\/infovera.com.ar\/web\/wp-json\/wp\/v2\/posts"}],"about":[{"href":"https:\/\/infovera.com.ar\/web\/wp-json\/wp\/v2\/types\/post"}],"author":[{"embeddable":true,"href":"https:\/\/infovera.com.ar\/web\/wp-json\/wp\/v2\/users\/3"}],"replies":[{"embeddable":true,"href":"https:\/\/infovera.com.ar\/web\/wp-json\/wp\/v2\/comments?post=18039"}],"version-history":[{"count":0,"href":"https:\/\/infovera.com.ar\/web\/wp-json\/wp\/v2\/posts\/18039\/revisions"}],"wp:featuredmedia":[{"embeddable":true,"href":"https:\/\/infovera.com.ar\/web\/wp-json\/wp\/v2\/media\/18040"}],"wp:attachment":[{"href":"https:\/\/infovera.com.ar\/web\/wp-json\/wp\/v2\/media?parent=18039"}],"wp:term":[{"taxonomy":"category","embeddable":true,"href":"https:\/\/infovera.com.ar\/web\/wp-json\/wp\/v2\/categories?post=18039"},{"taxonomy":"post_tag","embeddable":true,"href":"https:\/\/infovera.com.ar\/web\/wp-json\/wp\/v2\/tags?post=18039"}],"curies":[{"name":"wp","href":"https:\/\/api.w.org\/{rel}","templated":true}]}}