{"id":17993,"date":"2021-03-05T13:30:51","date_gmt":"2021-03-05T16:30:51","guid":{"rendered":"https:\/\/infovera.com.ar\/web\/?p=17993"},"modified":"2021-03-08T12:56:06","modified_gmt":"2021-03-08T15:56:06","slug":"cuello-inuaguro-el-ano-legisaltivo-en-calchaqui","status":"publish","type":"post","link":"https:\/\/infovera.com.ar\/web\/2021\/03\/05\/cuello-inuaguro-el-ano-legisaltivo-en-calchaqui\/","title":{"rendered":"Cuello inaugur\u00f3 el a\u00f1o legislativo en Calchaqu\u00ed"},"content":{"rendered":"<p><strong>En el d\u00eda de ayer, jueves 4 de marzo, se dio inicio a las Sesiones Ordinarias per\u00edodo 2021 del Honorable Concejo Municipal de Calchaqu\u00ed.<\/strong><\/p>\n<p>Se reunieron los concejales, bajo la presidencia del concejal Livio Beltramino y dando cumplimiento a lo estipulado por la Ley 2756- Org\u00e1nica de Municipalidades- el intendente municipal Rub\u00e9n Cuello, dio detalles de la gesti\u00f3n durante el ejercicio 2020 e inform\u00f3 sobre el avance de los tr\u00e1mites realizados, tendientes a la concreci\u00f3n de variados proyectos para este a\u00f1o.<\/p>\n","protected":false},"excerpt":{"rendered":"<p>En el d\u00eda de ayer, jueves 4 de marzo, se dio inicio a las Sesiones Ordinarias per\u00edodo 2021 del Honorable Concejo Municipal de Calchaqu\u00ed. Se reunieron los concejales, bajo la presidencia del concejal Livio Beltramino y dando cumplimiento a lo estipulado por la Ley 2756- Org\u00e1nica de Municipalidades- el intendente municipal Rub\u00e9n Cuello, dio detalles [&hellip;]<\/p>\n","protected":false},"author":3,"featured_media":18006,"comment_status":"open","ping_status":"open","sticky":false,"template":"","format":"standard","meta":{"_joinchat":[],"footnotes":""},"categories":[52],"tags":[],"class_list":{"0":"post-17993","1":"post","2":"type-post","3":"status-publish","4":"format-standard","5":"has-post-thumbnail","7":"category-calchaqui"},"_links":{"self":[{"href":"https:\/\/infovera.com.ar\/web\/wp-json\/wp\/v2\/posts\/17993","targetHints":{"allow":["GET"]}}],"collection":[{"href":"https:\/\/infovera.com.ar\/web\/wp-json\/wp\/v2\/posts"}],"about":[{"href":"https:\/\/infovera.com.ar\/web\/wp-json\/wp\/v2\/types\/post"}],"author":[{"embeddable":true,"href":"https:\/\/infovera.com.ar\/web\/wp-json\/wp\/v2\/users\/3"}],"replies":[{"embeddable":true,"href":"https:\/\/infovera.com.ar\/web\/wp-json\/wp\/v2\/comments?post=17993"}],"version-history":[{"count":0,"href":"https:\/\/infovera.com.ar\/web\/wp-json\/wp\/v2\/posts\/17993\/revisions"}],"wp:featuredmedia":[{"embeddable":true,"href":"https:\/\/infovera.com.ar\/web\/wp-json\/wp\/v2\/media\/18006"}],"wp:attachment":[{"href":"https:\/\/infovera.com.ar\/web\/wp-json\/wp\/v2\/media?parent=17993"}],"wp:term":[{"taxonomy":"category","embeddable":true,"href":"https:\/\/infovera.com.ar\/web\/wp-json\/wp\/v2\/categories?post=17993"},{"taxonomy":"post_tag","embeddable":true,"href":"https:\/\/infovera.com.ar\/web\/wp-json\/wp\/v2\/tags?post=17993"}],"curies":[{"name":"wp","href":"https:\/\/api.w.org\/{rel}","templated":true}]}}