{"id":17977,"date":"2021-03-04T19:14:17","date_gmt":"2021-03-04T22:14:17","guid":{"rendered":"https:\/\/infovera.com.ar\/web\/?p=17977"},"modified":"2021-03-04T19:14:17","modified_gmt":"2021-03-04T22:14:17","slug":"el-ministerio-de-salud-informa-que-el-unico-registro-provincial-de-vacunados-es-del-sitio-web-de-la-provincia-de-santa-fe","status":"publish","type":"post","link":"https:\/\/infovera.com.ar\/web\/2021\/03\/04\/el-ministerio-de-salud-informa-que-el-unico-registro-provincial-de-vacunados-es-del-sitio-web-de-la-provincia-de-santa-fe\/","title":{"rendered":"El Ministerio de Salud informa que el \u00fanico registro provincial de vacunados es del sitio web de la provincia de Santa Fe"},"content":{"rendered":"<p><strong>Ante diferentes consultas, la provincia insiste en utilizar como \u00fanico canal de contacto el sitio web <a href=\"http:\/\/www.santafe.gob.ar\">www.santafe.gob.ar<\/a><\/strong><\/p>\n<p>La provincia de Santa Fe inici\u00f3 esta semana el operativo de vacunaci\u00f3n contra el Covid 19\u00a0 adultos mayores y personal docente, prosiguiendo con el cronograma establecido. Ante esto, informa a todos los santafesinos y santafesinas que la forma de registrarse para recibir la dosis de la vacuna contra el Coronavirus es mediante inscripci\u00f3n en el sitio web de la provincia de Santa Fe: www.santafe.gob.ar.<\/p>\n<p>Una vez finalizado el proceso de inscripci\u00f3n recibir\u00e1n un correo electr\u00f3nico y un mensaje de texto confirmando el proceso completo. Una vez registrado en el listado provincial, recibir\u00e1n un correo electr\u00f3nico toda vez que haya sido designado el turno para recibir la vacuna.<\/p>\n<p>En este sentido, desde el Ministerio de Salud recomiendan que ante cualquier tipo de llamado sospechoso relacionado a la vacunaci\u00f3n, comunicarse directamente con al 0800-555-6768.<\/p>\n<p>Del mismo modo, resulta fundamental evitar brindar cualquier tipo de informaci\u00f3n personal en caso de recibir un llamado telef\u00f3nico sobre el operativo de vacunaci\u00f3n.<\/p>\n","protected":false},"excerpt":{"rendered":"<p>Ante diferentes consultas, la provincia insiste en utilizar como \u00fanico canal de contacto el sitio web www.santafe.gob.ar La provincia de Santa Fe inici\u00f3 esta semana el operativo de vacunaci\u00f3n contra el Covid 19\u00a0 adultos mayores y personal docente, prosiguiendo con el cronograma establecido. Ante esto, informa a todos los santafesinos y santafesinas que la forma [&hellip;]<\/p>\n","protected":false},"author":3,"featured_media":0,"comment_status":"open","ping_status":"open","sticky":false,"template":"","format":"standard","meta":{"_joinchat":[],"footnotes":""},"categories":[60],"tags":[],"class_list":{"0":"post-17977","1":"post","2":"type-post","3":"status-publish","4":"format-standard","6":"category-provinciales"},"_links":{"self":[{"href":"https:\/\/infovera.com.ar\/web\/wp-json\/wp\/v2\/posts\/17977","targetHints":{"allow":["GET"]}}],"collection":[{"href":"https:\/\/infovera.com.ar\/web\/wp-json\/wp\/v2\/posts"}],"about":[{"href":"https:\/\/infovera.com.ar\/web\/wp-json\/wp\/v2\/types\/post"}],"author":[{"embeddable":true,"href":"https:\/\/infovera.com.ar\/web\/wp-json\/wp\/v2\/users\/3"}],"replies":[{"embeddable":true,"href":"https:\/\/infovera.com.ar\/web\/wp-json\/wp\/v2\/comments?post=17977"}],"version-history":[{"count":0,"href":"https:\/\/infovera.com.ar\/web\/wp-json\/wp\/v2\/posts\/17977\/revisions"}],"wp:attachment":[{"href":"https:\/\/infovera.com.ar\/web\/wp-json\/wp\/v2\/media?parent=17977"}],"wp:term":[{"taxonomy":"category","embeddable":true,"href":"https:\/\/infovera.com.ar\/web\/wp-json\/wp\/v2\/categories?post=17977"},{"taxonomy":"post_tag","embeddable":true,"href":"https:\/\/infovera.com.ar\/web\/wp-json\/wp\/v2\/tags?post=17977"}],"curies":[{"name":"wp","href":"https:\/\/api.w.org\/{rel}","templated":true}]}}