{"id":17926,"date":"2021-03-03T10:49:05","date_gmt":"2021-03-03T13:49:05","guid":{"rendered":"https:\/\/infovera.com.ar\/web\/?p=17926"},"modified":"2021-03-03T10:49:05","modified_gmt":"2021-03-03T13:49:05","slug":"sain-puso-en-funciones-a-carlos-zoratti-como-nuevo-director-de-la-agencia-de-investigacion-criminal","status":"publish","type":"post","link":"https:\/\/infovera.com.ar\/web\/2021\/03\/03\/sain-puso-en-funciones-a-carlos-zoratti-como-nuevo-director-de-la-agencia-de-investigacion-criminal\/","title":{"rendered":"Sain puso en funciones a Carlos Zoratti como nuevo director de la Agencia de Investigaci\u00f3n Criminal"},"content":{"rendered":"<p><strong>Es en reemplazo de Maximiliano Bertolotti, quien estar\u00e1 a cargo del flamante Programa de Fortalecimiento de Fuerzas Especiales.<\/strong><\/p>\n<p>El ministro de Seguridad de Santa Fe, Marcelo Sain, puso en funciones este martes, en la ciudad de Rosario, al nuevo director de la Agencia de Investigaci\u00f3n Criminal (AIC), Carlos Zoratti, especialista en criminal\u00edstica, en reemplazo de Maximiliano Bertolotti, quien estar\u00e1 a cargo del flamante Programa de Fortalecimiento de Fuerzas Especiales.<\/p>\n<p>\u201cEs un gran desaf\u00edo en mi carrera dentro de la polic\u00eda provincial, y trabajaremos con todo el equipo para continuar el trabajo que se ven\u00eda realizando y mejorar los aspectos que se requieran para investigar cada caso y erradicar el delito en todo el \u00e1mbito provincial\u201d, indic\u00f3 Zoratti.<\/p>\n<p>Zoratti se desempe\u00f1\u00f3, hasta la actualidad, como director Provincial de Criminal\u00edstica. Fue jefe de la Secci\u00f3n Bal\u00edstica y de la Divisi\u00f3n Cient\u00edfica Forense de Santa Fe. Es licenciado en Criminal\u00edstica, primer promedio de la promoci\u00f3n 2006, egresado de la Universidad Nacional del Nordeste. Es Perito Accident\u00f3logo, Bal\u00edstico y Papilosc\u00f3pico.<\/p>\n<p>Adem\u00e1s, se desempe\u00f1\u00f3 como docente en el curso de Investigaciones Criminales, Accidentolog\u00eda Bal\u00edstica, dictado en la Universidad Nacional del Litoral, para los futuros y actuales fiscales del nuevo Sistema Procesal Penal Provincial. Fue docente del \u201cEncuentro de Trabajo sobre la Escena del Delito en casos de Homicidios\u201d, dictado a fiscales y organizado por la Fiscal\u00eda Regional 1, y la Escuela de Capacitaci\u00f3n, ambas del Ministerio Publico de la Acusaci\u00f3n.<\/p>\n<p>Asimismo, desde la investigaci\u00f3n criminal\u00edstica particip\u00f3 en todos los hechos cometidos con armas de fuego en la ciudad de Santa Fe, y Zona Centro Norte de la provincia desde el a\u00f1o 2007 a la fecha, en: pericias bal\u00edsticas y construcciones Integrales de los hechos.<\/p>\n<p><strong>FORTALECIMIENTO DE FUERZAS ESPECIALES<\/strong><\/p>\n<p>Por otra parte, los directores salientes, Maximiliano Bertolotti y Cristian Lemos, continuar\u00e1n trabajando en un Programa Especial de Fortalecimiento de las Fuerzas Especiales de los servicios policiales de la provincia. El mismo fue creado mediante resoluci\u00f3n ministerial y propone el seguimiento continuo de las dependencias de los servicios policiales que realizan intervenciones y operaciones especiales, con el objetivo de lograr un funcionamiento arm\u00f3nico y garantizar la excelencia de los agentes.<\/p>\n<p>En este sentido, Bertolotti explic\u00f3: \u201cHace diez a\u00f1os que trabajo en las Tropa de Operaciones Especiales, y este programa permitir\u00e1 profesionalizar a\u00fan m\u00e1s a los agentes y modernizar las fuerzas de seguridad\u201d.<\/p>\n","protected":false},"excerpt":{"rendered":"<p>Es en reemplazo de Maximiliano Bertolotti, quien estar\u00e1 a cargo del flamante Programa de Fortalecimiento de Fuerzas Especiales. El ministro de Seguridad de Santa Fe, Marcelo Sain, puso en funciones este martes, en la ciudad de Rosario, al nuevo director de la Agencia de Investigaci\u00f3n Criminal (AIC), Carlos Zoratti, especialista en criminal\u00edstica, en reemplazo de [&hellip;]<\/p>\n","protected":false},"author":3,"featured_media":17928,"comment_status":"open","ping_status":"open","sticky":false,"template":"","format":"standard","meta":{"_joinchat":[],"footnotes":""},"categories":[60],"tags":[],"class_list":{"0":"post-17926","1":"post","2":"type-post","3":"status-publish","4":"format-standard","5":"has-post-thumbnail","7":"category-provinciales"},"_links":{"self":[{"href":"https:\/\/infovera.com.ar\/web\/wp-json\/wp\/v2\/posts\/17926","targetHints":{"allow":["GET"]}}],"collection":[{"href":"https:\/\/infovera.com.ar\/web\/wp-json\/wp\/v2\/posts"}],"about":[{"href":"https:\/\/infovera.com.ar\/web\/wp-json\/wp\/v2\/types\/post"}],"author":[{"embeddable":true,"href":"https:\/\/infovera.com.ar\/web\/wp-json\/wp\/v2\/users\/3"}],"replies":[{"embeddable":true,"href":"https:\/\/infovera.com.ar\/web\/wp-json\/wp\/v2\/comments?post=17926"}],"version-history":[{"count":0,"href":"https:\/\/infovera.com.ar\/web\/wp-json\/wp\/v2\/posts\/17926\/revisions"}],"wp:featuredmedia":[{"embeddable":true,"href":"https:\/\/infovera.com.ar\/web\/wp-json\/wp\/v2\/media\/17928"}],"wp:attachment":[{"href":"https:\/\/infovera.com.ar\/web\/wp-json\/wp\/v2\/media?parent=17926"}],"wp:term":[{"taxonomy":"category","embeddable":true,"href":"https:\/\/infovera.com.ar\/web\/wp-json\/wp\/v2\/categories?post=17926"},{"taxonomy":"post_tag","embeddable":true,"href":"https:\/\/infovera.com.ar\/web\/wp-json\/wp\/v2\/tags?post=17926"}],"curies":[{"name":"wp","href":"https:\/\/api.w.org\/{rel}","templated":true}]}}