{"id":17914,"date":"2021-03-02T20:45:09","date_gmt":"2021-03-02T23:45:09","guid":{"rendered":"https:\/\/infovera.com.ar\/web\/?p=17914"},"modified":"2021-03-03T14:12:43","modified_gmt":"2021-03-03T17:12:43","slug":"se-viene-un-gran-torneo-de-padel-en-las-canchas-del-centro-recreativo-calchaqui","status":"publish","type":"post","link":"https:\/\/infovera.com.ar\/web\/2021\/03\/02\/se-viene-un-gran-torneo-de-padel-en-las-canchas-del-centro-recreativo-calchaqui\/","title":{"rendered":"Se viene un gran torneo de padel en las canchas del Centro Recreativo Calchaqu\u00ed"},"content":{"rendered":"<p><strong>Con la organizaci\u00f3n del CRC y del experimentado &#8220;Tuli&#8221; Brouet.<\/strong><\/p>\n<p>Se jugar\u00e1 del 18 al 21 de marzo en Caballeros y Damas con premios en trofeos y efectivo.<\/p>\n<p>El cierre de incripci\u00f3n es el 15 de marzo a las 20.<\/p>\n<p><strong><span style=\"color: #ff0000;\">Mir\u00e1 el video con la invitaci\u00f3n hecho por Emilio Forcher, director de la Escuela Argentina de Profesores de Padel:<\/span><\/strong><\/p>\n<p><iframe loading=\"lazy\" title=\"Torneo de padel en el CRC\" width=\"696\" height=\"522\" src=\"https:\/\/www.youtube.com\/embed\/LBgk2DXBxxs?feature=oembed\" frameborder=\"0\" allow=\"accelerometer; autoplay; clipboard-write; encrypted-media; gyroscope; picture-in-picture; web-share\" referrerpolicy=\"strict-origin-when-cross-origin\" allowfullscreen><\/iframe><\/p>\n","protected":false},"excerpt":{"rendered":"<p>Con la organizaci\u00f3n del CRC y del experimentado &#8220;Tuli&#8221; Brouet. Se jugar\u00e1 del 18 al 21 de marzo en Caballeros y Damas con premios en trofeos y efectivo. El cierre de incripci\u00f3n es el 15 de marzo a las 20. Mir\u00e1 el video con la invitaci\u00f3n hecho por Emilio Forcher, director de la Escuela Argentina [&hellip;]<\/p>\n","protected":false},"author":3,"featured_media":17916,"comment_status":"open","ping_status":"open","sticky":false,"template":"","format":"standard","meta":{"_joinchat":[],"footnotes":""},"categories":[52,31],"tags":[],"class_list":{"0":"post-17914","1":"post","2":"type-post","3":"status-publish","4":"format-standard","5":"has-post-thumbnail","7":"category-calchaqui","8":"category-deportes"},"_links":{"self":[{"href":"https:\/\/infovera.com.ar\/web\/wp-json\/wp\/v2\/posts\/17914","targetHints":{"allow":["GET"]}}],"collection":[{"href":"https:\/\/infovera.com.ar\/web\/wp-json\/wp\/v2\/posts"}],"about":[{"href":"https:\/\/infovera.com.ar\/web\/wp-json\/wp\/v2\/types\/post"}],"author":[{"embeddable":true,"href":"https:\/\/infovera.com.ar\/web\/wp-json\/wp\/v2\/users\/3"}],"replies":[{"embeddable":true,"href":"https:\/\/infovera.com.ar\/web\/wp-json\/wp\/v2\/comments?post=17914"}],"version-history":[{"count":0,"href":"https:\/\/infovera.com.ar\/web\/wp-json\/wp\/v2\/posts\/17914\/revisions"}],"wp:featuredmedia":[{"embeddable":true,"href":"https:\/\/infovera.com.ar\/web\/wp-json\/wp\/v2\/media\/17916"}],"wp:attachment":[{"href":"https:\/\/infovera.com.ar\/web\/wp-json\/wp\/v2\/media?parent=17914"}],"wp:term":[{"taxonomy":"category","embeddable":true,"href":"https:\/\/infovera.com.ar\/web\/wp-json\/wp\/v2\/categories?post=17914"},{"taxonomy":"post_tag","embeddable":true,"href":"https:\/\/infovera.com.ar\/web\/wp-json\/wp\/v2\/tags?post=17914"}],"curies":[{"name":"wp","href":"https:\/\/api.w.org\/{rel}","templated":true}]}}