{"id":17898,"date":"2021-03-02T18:29:51","date_gmt":"2021-03-02T21:29:51","guid":{"rendered":"https:\/\/infovera.com.ar\/web\/?p=17898"},"modified":"2021-03-02T18:29:51","modified_gmt":"2021-03-02T21:29:51","slug":"perotti-acompano-a-su-mama-a-vacunarse-contra-el-covid-19","status":"publish","type":"post","link":"https:\/\/infovera.com.ar\/web\/2021\/03\/02\/perotti-acompano-a-su-mama-a-vacunarse-contra-el-covid-19\/","title":{"rendered":"Perotti acompa\u00f1\u00f3 a su mam\u00e1 a vacunarse contra el Covid-19"},"content":{"rendered":"<p>La madre del gobernador, al igual que miles de santafesinas y santafesinos, se inscribi\u00f3 en la p\u00e1gina web oficial para recibir la vacuna y este martes cumpliendo con el turno asignado, concurri\u00f3 al hospital de Rafaela, donde se le suministr\u00f3 la dosis.<\/p>\n<p>El gobernador Omar Perotti acompa\u00f1\u00f3 este martes a su madre a vacunarse contra el Covid\u201319, en la segunda jornada destinada al grupo de adultos mayores. El mandatario describi\u00f3 el momento vivido junto a ella: \u201cSiento una gran alegr\u00eda de que le haya llegado el turno. No se merec\u00eda tanta mentira y difamaci\u00f3n; y si hay algo que ella nunca aceptar\u00eda, como yo tampoco, es un privilegio\u201d.<\/p>\n<p>En este sentido, Perotti record\u00f3 que \u201cayer empez\u00f3 la vacunaci\u00f3n para los adultos mayores, pero ella quedaba para la segunda cohorte y le tocaba hoy. Estamos haciendo un trabajo masivo de vacunaci\u00f3n, respetando prioridades, y lo vamos a continuar haciendo\u201d.<\/p>\n<p>\u201cAyer se vacunaron 2.566 adultos mayores en los centros de vacunaci\u00f3n y es una alegr\u00eda inmensa seguir trabajando para proteger a los m\u00e1s d\u00e9biles, quienes m\u00e1s necesitan ayuda\u201d, manifest\u00f3 el gobernador.<\/p>\n<p>Por \u00faltimo, Perotti se\u00f1al\u00f3 que \u201cla verdad siempre sale a la luz y hoy ella se est\u00e1 vacunando como la madre de un vecino m\u00e1s de esta provincia. Espero que levantemos el tono de la discusi\u00f3n, dejemos de lado los golpes bajos y m\u00e1s tranquila a la gente mayor\u201d.<\/p>\n<p>\u201cQuien quiere seguir difamando que se haga cargo de las consecuencias. Nosotros seguiremos vacunando y llevando soluciones concretas a los problemas de las personas, vivan donde vivan\u201d, concluy\u00f3 el gobernador.<\/p>\n","protected":false},"excerpt":{"rendered":"<p>La madre del gobernador, al igual que miles de santafesinas y santafesinos, se inscribi\u00f3 en la p\u00e1gina web oficial para recibir la vacuna y este martes cumpliendo con el turno asignado, concurri\u00f3 al hospital de Rafaela, donde se le suministr\u00f3 la dosis. El gobernador Omar Perotti acompa\u00f1\u00f3 este martes a su madre a vacunarse contra [&hellip;]<\/p>\n","protected":false},"author":3,"featured_media":17901,"comment_status":"open","ping_status":"open","sticky":false,"template":"","format":"standard","meta":{"_joinchat":[],"footnotes":""},"categories":[60],"tags":[],"class_list":{"0":"post-17898","1":"post","2":"type-post","3":"status-publish","4":"format-standard","5":"has-post-thumbnail","7":"category-provinciales"},"_links":{"self":[{"href":"https:\/\/infovera.com.ar\/web\/wp-json\/wp\/v2\/posts\/17898","targetHints":{"allow":["GET"]}}],"collection":[{"href":"https:\/\/infovera.com.ar\/web\/wp-json\/wp\/v2\/posts"}],"about":[{"href":"https:\/\/infovera.com.ar\/web\/wp-json\/wp\/v2\/types\/post"}],"author":[{"embeddable":true,"href":"https:\/\/infovera.com.ar\/web\/wp-json\/wp\/v2\/users\/3"}],"replies":[{"embeddable":true,"href":"https:\/\/infovera.com.ar\/web\/wp-json\/wp\/v2\/comments?post=17898"}],"version-history":[{"count":0,"href":"https:\/\/infovera.com.ar\/web\/wp-json\/wp\/v2\/posts\/17898\/revisions"}],"wp:featuredmedia":[{"embeddable":true,"href":"https:\/\/infovera.com.ar\/web\/wp-json\/wp\/v2\/media\/17901"}],"wp:attachment":[{"href":"https:\/\/infovera.com.ar\/web\/wp-json\/wp\/v2\/media?parent=17898"}],"wp:term":[{"taxonomy":"category","embeddable":true,"href":"https:\/\/infovera.com.ar\/web\/wp-json\/wp\/v2\/categories?post=17898"},{"taxonomy":"post_tag","embeddable":true,"href":"https:\/\/infovera.com.ar\/web\/wp-json\/wp\/v2\/tags?post=17898"}],"curies":[{"name":"wp","href":"https:\/\/api.w.org\/{rel}","templated":true}]}}