{"id":17896,"date":"2021-03-02T18:28:13","date_gmt":"2021-03-02T21:28:13","guid":{"rendered":"https:\/\/infovera.com.ar\/web\/?p=17896"},"modified":"2021-03-02T18:28:13","modified_gmt":"2021-03-02T21:28:13","slug":"policias-de-avellaneda-ayudaron-a-una-mujer-a-dar-a-luz","status":"publish","type":"post","link":"https:\/\/infovera.com.ar\/web\/2021\/03\/02\/policias-de-avellaneda-ayudaron-a-una-mujer-a-dar-a-luz\/","title":{"rendered":"Polic\u00edas de Avellaneda ayudaron a una mujer a dar a luz"},"content":{"rendered":"<p>En la ma\u00f1ana de este martes, personal del Comando Radioel\u00e9ctrico y de la Comisaria 3ra Avellaneda, Unidad Regional IX, Departamento General Obligado, tomaron conocimiento a trav\u00e9s de un llamado telef\u00f3nico que en Calle 305 al 400 una mujer se encontraba en situaci\u00f3n de parto inminente y requer\u00eda asistencia.<\/p>\n<p>Debido a la premura de la situaci\u00f3n, ayudaron al nacimiento mientras esperaban el arribo de la ambulancia, ya que la joven se encontraba con contracciones fuertes y cada vez m\u00e1s frecuentes. Fue entonces que r\u00e1pidamente la mujer dio a luz a un ni\u00f1o.<\/p>\n<p>Al poco tiempo se hizo presente la unidad sanitaria con personal m\u00e9dico, quienes se hicieron cargo de los pasos siguientes, trasladando a la mam\u00e1 y al reci\u00e9n nacido<br \/>\nhacia el Hospital Regional para su atenci\u00f3n.<\/p>\n<p>Intervinieron el Subinspector Gustavo Dolzani y Oficial de Polic\u00eda Claudia Duarte, del Comando Radioel\u00e9ctrico, junto a los Suboficiales de Polic\u00eda Mauro Rivero y Cristian Fern\u00e1ndez de la Comisar\u00eda 3ra, de Avellaneda.<\/p>\n","protected":false},"excerpt":{"rendered":"<p>En la ma\u00f1ana de este martes, personal del Comando Radioel\u00e9ctrico y de la Comisaria 3ra Avellaneda, Unidad Regional IX, Departamento General Obligado, tomaron conocimiento a trav\u00e9s de un llamado telef\u00f3nico que en Calle 305 al 400 una mujer se encontraba en situaci\u00f3n de parto inminente y requer\u00eda asistencia. Debido a la premura de la situaci\u00f3n, [&hellip;]<\/p>\n","protected":false},"author":3,"featured_media":17899,"comment_status":"open","ping_status":"open","sticky":false,"template":"","format":"standard","meta":{"_joinchat":[],"footnotes":""},"categories":[55],"tags":[],"class_list":{"0":"post-17896","1":"post","2":"type-post","3":"status-publish","4":"format-standard","5":"has-post-thumbnail","7":"category-reconquista"},"_links":{"self":[{"href":"https:\/\/infovera.com.ar\/web\/wp-json\/wp\/v2\/posts\/17896","targetHints":{"allow":["GET"]}}],"collection":[{"href":"https:\/\/infovera.com.ar\/web\/wp-json\/wp\/v2\/posts"}],"about":[{"href":"https:\/\/infovera.com.ar\/web\/wp-json\/wp\/v2\/types\/post"}],"author":[{"embeddable":true,"href":"https:\/\/infovera.com.ar\/web\/wp-json\/wp\/v2\/users\/3"}],"replies":[{"embeddable":true,"href":"https:\/\/infovera.com.ar\/web\/wp-json\/wp\/v2\/comments?post=17896"}],"version-history":[{"count":0,"href":"https:\/\/infovera.com.ar\/web\/wp-json\/wp\/v2\/posts\/17896\/revisions"}],"wp:featuredmedia":[{"embeddable":true,"href":"https:\/\/infovera.com.ar\/web\/wp-json\/wp\/v2\/media\/17899"}],"wp:attachment":[{"href":"https:\/\/infovera.com.ar\/web\/wp-json\/wp\/v2\/media?parent=17896"}],"wp:term":[{"taxonomy":"category","embeddable":true,"href":"https:\/\/infovera.com.ar\/web\/wp-json\/wp\/v2\/categories?post=17896"},{"taxonomy":"post_tag","embeddable":true,"href":"https:\/\/infovera.com.ar\/web\/wp-json\/wp\/v2\/tags?post=17896"}],"curies":[{"name":"wp","href":"https:\/\/api.w.org\/{rel}","templated":true}]}}