{"id":17829,"date":"2021-03-01T14:01:47","date_gmt":"2021-03-01T17:01:47","guid":{"rendered":"https:\/\/infovera.com.ar\/web\/?p=17829"},"modified":"2021-03-01T14:01:47","modified_gmt":"2021-03-01T17:01:47","slug":"patricia-bullrich-estuvo-en-el-encuentro-provincial-del-pro","status":"publish","type":"post","link":"https:\/\/infovera.com.ar\/web\/2021\/03\/01\/patricia-bullrich-estuvo-en-el-encuentro-provincial-del-pro\/","title":{"rendered":"Patricia Bullrich estuvo en el encuentro provincial del PRO"},"content":{"rendered":"<p><strong>La presidenta del PRO nacional, Patricia Bullrich, estuvo en Santa Fe el s\u00e1bado asistiendo a la \u201cJunta del Consejo Directivo del PRO Santa Fe\u201d y habl\u00f3 de la situaci\u00f3n de la provincia. Adem\u00e1s, le brind\u00f3 apoyo a la concejal del PRO Luciana Ceresola, que este a\u00f1o buscar\u00e1 renovar la banca.<\/strong><\/p>\n<p>La presidenta del PRO, Patricia Bullrich, estuvo en la ciudad de Santa Fe este fin de semana en el marco de la presentaci\u00f3n de su libro Guerra sin Cuartel y particip\u00f3 de un encuentro partidario.<\/p>\n<p>La referente de la oposici\u00f3n estuvo acompa\u00f1ada de los concejales santafesinos Luciana Ceresola y Sebasti\u00e1n Mastropaolo, adem\u00e1s de otros referentes provinciales como el presidente del PRO de Santa Fe, Cristian Cunha, y los diputados nacionales Gisela Scaglia y Federico Angelini.<\/p>\n<p>En su visita, Bullrich le brind\u00f3 su apoyo a la concejal Ceresola, y le agradeci\u00f3 por el encuentro. \u201cLuciana ha hecho un gran trabajo por Santa Fe y lo va a volver a hacer\u201d, dijo Bullrich de cara a las elecciones legislativas de este 2021. \u201cElla lleva adelante las banderas, las ideas y los valores del PRO y va a seguir trabajando por los santafesinos\u201d, sostuvo la exministra de Seguridad macrista.<\/p>\n<p>Durante el encuentro hubo una rueda de prensa, en donde Bullrich manifest\u00f3 su preocupaci\u00f3n por el narcotr\u00e1fico en la provincia de Santa Fe y remarc\u00f3 que durante su gesti\u00f3n dej\u00f3 \u201ctodas las bandas presas\u201d y que los homicidios y tiroteos hab\u00edan empezado a bajar. Tambi\u00e9n se manifest\u00f3 preocupada por el vacunatorio VIP, y se refiri\u00f3 al kirchnerismo como una oligarqu\u00eda que partidiza los recursos del Estado.<\/p>\n<p>Por su parte, la concejal Ceresola habl\u00f3 sobre la primera reuni\u00f3n del Consejo Directivo del PRO santafesino, en la que tuvo participaci\u00f3n Patricia Bullrich y dijo que \u201cfue muy fruct\u00edfera\u201d y que pudieron \u201cver los lineamientos pol\u00edticos que desde la Naci\u00f3n quieren replicar en la Provincia, siempre sosteniendo lo que son nuestros principios como PRO, como la defensa de las instituciones y la democracia\u201d.<\/p>\n<p>En ese contexto, dijo que el PRO va a \u201cluchar\u201d para \u201ctener el papel que le corresponde dentro del armado de las listas provinciales\u201d. Adem\u00e1s, invit\u00f3 a los santafesinos a participar de los comicios si se quiere buscar un cambio.<\/p>\n","protected":false},"excerpt":{"rendered":"<p>La presidenta del PRO nacional, Patricia Bullrich, estuvo en Santa Fe el s\u00e1bado asistiendo a la \u201cJunta del Consejo Directivo del PRO Santa Fe\u201d y habl\u00f3 de la situaci\u00f3n de la provincia. Adem\u00e1s, le brind\u00f3 apoyo a la concejal del PRO Luciana Ceresola, que este a\u00f1o buscar\u00e1 renovar la banca. La presidenta del PRO, Patricia [&hellip;]<\/p>\n","protected":false},"author":3,"featured_media":17830,"comment_status":"open","ping_status":"open","sticky":false,"template":"","format":"standard","meta":{"_joinchat":[],"footnotes":""},"categories":[1],"tags":[],"class_list":{"0":"post-17829","1":"post","2":"type-post","3":"status-publish","4":"format-standard","5":"has-post-thumbnail","7":"category-sin-categoria"},"_links":{"self":[{"href":"https:\/\/infovera.com.ar\/web\/wp-json\/wp\/v2\/posts\/17829","targetHints":{"allow":["GET"]}}],"collection":[{"href":"https:\/\/infovera.com.ar\/web\/wp-json\/wp\/v2\/posts"}],"about":[{"href":"https:\/\/infovera.com.ar\/web\/wp-json\/wp\/v2\/types\/post"}],"author":[{"embeddable":true,"href":"https:\/\/infovera.com.ar\/web\/wp-json\/wp\/v2\/users\/3"}],"replies":[{"embeddable":true,"href":"https:\/\/infovera.com.ar\/web\/wp-json\/wp\/v2\/comments?post=17829"}],"version-history":[{"count":0,"href":"https:\/\/infovera.com.ar\/web\/wp-json\/wp\/v2\/posts\/17829\/revisions"}],"wp:featuredmedia":[{"embeddable":true,"href":"https:\/\/infovera.com.ar\/web\/wp-json\/wp\/v2\/media\/17830"}],"wp:attachment":[{"href":"https:\/\/infovera.com.ar\/web\/wp-json\/wp\/v2\/media?parent=17829"}],"wp:term":[{"taxonomy":"category","embeddable":true,"href":"https:\/\/infovera.com.ar\/web\/wp-json\/wp\/v2\/categories?post=17829"},{"taxonomy":"post_tag","embeddable":true,"href":"https:\/\/infovera.com.ar\/web\/wp-json\/wp\/v2\/tags?post=17829"}],"curies":[{"name":"wp","href":"https:\/\/api.w.org\/{rel}","templated":true}]}}