{"id":17789,"date":"2021-03-01T11:00:03","date_gmt":"2021-03-01T14:00:03","guid":{"rendered":"https:\/\/infovera.com.ar\/web\/?p=17789"},"modified":"2021-03-02T11:45:09","modified_gmt":"2021-03-02T14:45:09","slug":"menores-vandalizaron-las-farolas-de-plaza-independencia","status":"publish","type":"post","link":"https:\/\/infovera.com.ar\/web\/2021\/03\/01\/menores-vandalizaron-las-farolas-de-plaza-independencia\/","title":{"rendered":"Menores vandalizaron las farolas de Plaza Independencia"},"content":{"rendered":"<p><strong>A ra\u00edz de un llamado telef\u00f3nico, efectivos del Comando acudieron a Plaza Independencia donde un grupo de menores se encontraba rompiendo las farolas del espacio p\u00fablico.<\/strong><\/p>\n<p>A bordo de los m\u00f3viles, patrullaron las inmediaciones luego de haber obtenido las caracter\u00edsticas f\u00edsicas de los apuntados.<\/p>\n<p>Lograron aprehender a cuatro de ellos. Fueron trasladados en calidad de demorados a sede policial.<\/p>\n<p>Se trato de 4 menores de entre 14 y 16 a\u00f1os, entre ellos una adolecente de 14 a\u00f1os\u00a0 Arrojaron cascotes a las farolas.<\/p>\n","protected":false},"excerpt":{"rendered":"<p>A ra\u00edz de un llamado telef\u00f3nico, efectivos del Comando acudieron a Plaza Independencia donde un grupo de menores se encontraba rompiendo las farolas del espacio p\u00fablico. A bordo de los m\u00f3viles, patrullaron las inmediaciones luego de haber obtenido las caracter\u00edsticas f\u00edsicas de los apuntados. Lograron aprehender a cuatro de ellos. Fueron trasladados en calidad de [&hellip;]<\/p>\n","protected":false},"author":3,"featured_media":17791,"comment_status":"open","ping_status":"open","sticky":false,"template":"","format":"standard","meta":{"_joinchat":[],"footnotes":""},"categories":[30,53],"tags":[],"class_list":{"0":"post-17789","1":"post","2":"type-post","3":"status-publish","4":"format-standard","5":"has-post-thumbnail","7":"category-policiales","8":"category-vera"},"_links":{"self":[{"href":"https:\/\/infovera.com.ar\/web\/wp-json\/wp\/v2\/posts\/17789","targetHints":{"allow":["GET"]}}],"collection":[{"href":"https:\/\/infovera.com.ar\/web\/wp-json\/wp\/v2\/posts"}],"about":[{"href":"https:\/\/infovera.com.ar\/web\/wp-json\/wp\/v2\/types\/post"}],"author":[{"embeddable":true,"href":"https:\/\/infovera.com.ar\/web\/wp-json\/wp\/v2\/users\/3"}],"replies":[{"embeddable":true,"href":"https:\/\/infovera.com.ar\/web\/wp-json\/wp\/v2\/comments?post=17789"}],"version-history":[{"count":0,"href":"https:\/\/infovera.com.ar\/web\/wp-json\/wp\/v2\/posts\/17789\/revisions"}],"wp:featuredmedia":[{"embeddable":true,"href":"https:\/\/infovera.com.ar\/web\/wp-json\/wp\/v2\/media\/17791"}],"wp:attachment":[{"href":"https:\/\/infovera.com.ar\/web\/wp-json\/wp\/v2\/media?parent=17789"}],"wp:term":[{"taxonomy":"category","embeddable":true,"href":"https:\/\/infovera.com.ar\/web\/wp-json\/wp\/v2\/categories?post=17789"},{"taxonomy":"post_tag","embeddable":true,"href":"https:\/\/infovera.com.ar\/web\/wp-json\/wp\/v2\/tags?post=17789"}],"curies":[{"name":"wp","href":"https:\/\/api.w.org\/{rel}","templated":true}]}}