{"id":17729,"date":"2021-02-26T10:22:25","date_gmt":"2021-02-26T13:22:25","guid":{"rendered":"https:\/\/infovera.com.ar\/web\/?p=17729"},"modified":"2021-02-26T10:22:25","modified_gmt":"2021-02-26T13:22:25","slug":"bloque-socialista-corregimos-el-impuestazo-del-gobierno-en-patentes","status":"publish","type":"post","link":"https:\/\/infovera.com.ar\/web\/2021\/02\/26\/bloque-socialista-corregimos-el-impuestazo-del-gobierno-en-patentes\/","title":{"rendered":"Bloque socialista: \u201cCorregimos el impuestazo del gobierno en patentes\u201d"},"content":{"rendered":"<p><strong>La C\u00e1mara Baja aprob\u00f3 un dictamen del Senado para reducir el aumento desproporcionado que hab\u00eda emitido el gobierno provincial y compensar a municipios y comunas. \u201cHay que darle una respuesta a la gente, que ya tiene una boleta con incrementos de hasta el 150%, y a los gobiernos locales que est\u00e1n desfinanciados\u201d, afirmaron desde el socialismo.<\/strong><\/p>\n<p>La C\u00e1mara de Diputadas y Diputados de Santa Fe aprob\u00f3 un dictamen proveniente del Senado para reducir el desproporcionado aumento del impuesto sobre la patente automotor, con incrementos de hasta el 150%, que el Poder Ejecutivo incluy\u00f3 en el proyecto de Presupuesto para este a\u00f1o. La iniciativa sancionada establece que el incremento no superar\u00e1 en ning\u00fan caso el 40% con respecto a 2020 y que el Tesoro provincial compensar\u00e1 parcialmente a los municipios y comunas el impacto de dicha disminuci\u00f3n ya que el impuesto por este a\u00f1o pasar\u00e1 excepcionalmente a coparticiparse del 90 al 95%.<\/p>\n<p>La diputada Clara Garc\u00eda (Socialistas-FPCyS) cuestion\u00f3 al Ejecutivo provincial por \u201cjugar al l\u00edmite de los tiempos\u201d para tratar temas presupuestarios e impositivos, en este caso, \u201cbajar a la mitad el impuestazo que el mismo gobierno ratific\u00f3 con la emisi\u00f3n de las boletas este a\u00f1o. El gobierno se ufana de haber enviado un proyecto de disminuci\u00f3n de un impuesto cuando fueron ellos mismos los que aumentaron de manera desproporcionada con respecto a la inflaci\u00f3n o a cualquier otro par\u00e1metro\u201d, afirm\u00f3.<\/p>\n<p>En ese marco, la legisladora defendi\u00f3 la modificaci\u00f3n realizada al proyecto oficial, que aumentaba el porcentaje coparticipable del 90 al 93% y divid\u00eda ese adicional en partes iguales entre los gobiernos locales \u201ccuando hay ciudades con 10.000 habitantes, otras con 400 mil, como Santa Fe; o con un mill\u00f3n, como Rosario. El Senado elev\u00f3 ese 93 al 95% y distribuye una porci\u00f3n de ese adicional en forma proporcional a la cantidad de veh\u00edculos, y otra porci\u00f3n en partes iguales entre los gobiernos locales. Es la propuesta que votamos, sin el acompa\u00f1amiento del bloque oficialista\u201d, explic\u00f3.<\/p>\n<p>\u201cEs nuestra responsabilidad darle una respuesta a la gente, que ya tiene en su casa una boleta con un aumento del 100 o del 150%, y a los municipios y comunas, que hab\u00edan elaborado sus presupuestos en base al aumento original y hoy est\u00e1n desfinanciados\u201d, subray\u00f3.<\/p>\n<p>La legisladora tambi\u00e9n cuestion\u00f3 al gobierno provincial, espec\u00edficamente a las autoridades econ\u00f3micas, porque \u201chubo una sola reuni\u00f3n de la comisi\u00f3n y el ministro Walter Agosto, nunca vino a la C\u00e1mara a dar explicaciones ni para el presupuesto ni para la ley tributaria y presionados por la urgencia nos dicen que paremos al aumento en el 40%\u201d, dijo.<\/p>\n<p>\u201cLamentablemente quienes han pagado de m\u00e1s tendr\u00e1n que hacer un tr\u00e1mite de devoluci\u00f3n, pero es lo que corresponde\u201d, concluy\u00f3.<\/p>\n","protected":false},"excerpt":{"rendered":"<p>La C\u00e1mara Baja aprob\u00f3 un dictamen del Senado para reducir el aumento desproporcionado que hab\u00eda emitido el gobierno provincial y compensar a municipios y comunas. \u201cHay que darle una respuesta a la gente, que ya tiene una boleta con incrementos de hasta el 150%, y a los gobiernos locales que est\u00e1n desfinanciados\u201d, afirmaron desde el [&hellip;]<\/p>\n","protected":false},"author":3,"featured_media":17736,"comment_status":"open","ping_status":"open","sticky":false,"template":"","format":"standard","meta":{"_joinchat":[],"footnotes":""},"categories":[1],"tags":[],"class_list":{"0":"post-17729","1":"post","2":"type-post","3":"status-publish","4":"format-standard","5":"has-post-thumbnail","7":"category-sin-categoria"},"_links":{"self":[{"href":"https:\/\/infovera.com.ar\/web\/wp-json\/wp\/v2\/posts\/17729","targetHints":{"allow":["GET"]}}],"collection":[{"href":"https:\/\/infovera.com.ar\/web\/wp-json\/wp\/v2\/posts"}],"about":[{"href":"https:\/\/infovera.com.ar\/web\/wp-json\/wp\/v2\/types\/post"}],"author":[{"embeddable":true,"href":"https:\/\/infovera.com.ar\/web\/wp-json\/wp\/v2\/users\/3"}],"replies":[{"embeddable":true,"href":"https:\/\/infovera.com.ar\/web\/wp-json\/wp\/v2\/comments?post=17729"}],"version-history":[{"count":0,"href":"https:\/\/infovera.com.ar\/web\/wp-json\/wp\/v2\/posts\/17729\/revisions"}],"wp:featuredmedia":[{"embeddable":true,"href":"https:\/\/infovera.com.ar\/web\/wp-json\/wp\/v2\/media\/17736"}],"wp:attachment":[{"href":"https:\/\/infovera.com.ar\/web\/wp-json\/wp\/v2\/media?parent=17729"}],"wp:term":[{"taxonomy":"category","embeddable":true,"href":"https:\/\/infovera.com.ar\/web\/wp-json\/wp\/v2\/categories?post=17729"},{"taxonomy":"post_tag","embeddable":true,"href":"https:\/\/infovera.com.ar\/web\/wp-json\/wp\/v2\/tags?post=17729"}],"curies":[{"name":"wp","href":"https:\/\/api.w.org\/{rel}","templated":true}]}}