{"id":17622,"date":"2021-02-22T11:28:27","date_gmt":"2021-02-22T14:28:27","guid":{"rendered":"https:\/\/infovera.com.ar\/web\/?p=17622"},"modified":"2021-02-23T13:46:04","modified_gmt":"2021-02-23T16:46:04","slug":"desesperacion-y-mentira","status":"publish","type":"post","link":"https:\/\/infovera.com.ar\/web\/2021\/02\/22\/desesperacion-y-mentira\/","title":{"rendered":"Desesperaci\u00f3n y mentira"},"content":{"rendered":"<p><strong>La Secretar\u00eda de Comunicaci\u00f3n Social de la Provincia de Santa Fe, desmiente categ\u00f3ricamente que el gobernador Omar Perotti y su familia hayan sido vacunados contra el COVID-19.<\/strong><\/p>\n<p>Hasta la fecha, fueron vacunadas 37.500 personas en nuestra provincia y continuamos<br \/>\nsuministrando vacunas cumpliendo con todos los protocolos. Ni el gobernador de la provincia, ni su familia, han sido vacunados. Fue por decisi\u00f3n de \u00e9l mismo, al entender que debe privilegiarse al personal involucrado en la lucha contra el COVID-19<\/p>\n<p>Tanto el gobernador Omar Perotti, como su familia est\u00e1n dispuestos a realizarse el test<br \/>\ncorrespondiente que permita determinar fehacientemente la verdad: que ninguno de ellos fue vacunado.<\/p>\n<p>Incluso, la madre del gobernador, a punto de cumplir 90 a\u00f1os est\u00e1 dispuesta a asumir el riesgo de concurrir a un centro de salud para demostrar la absoluta falacia de las acusaciones contra la familia del gobernador. Pruebas concretas contra falsos rumores.<br \/>\nSe trata de una nueva difamaci\u00f3n, otra menera de los productores de noticias falsas ligados al pasado, una estrategia fallida a la que el pueblo le dio la espalda el 16 de junio de 2019.<\/p>\n<p>Entendemos que el lanzamiento del Boleto Educativo Gratuito genera molestia y desesperaci\u00f3n en aquellos que fueron parte de un gobierno que pudo implementarlo, pero nunca lo hizo. Lo que no aceptamos es que, para neutralizar este gran beneficio para estudiantes, docentes y\u00a0 auxiliares escolares, la oposici\u00f3n mienta y que intente ensuciar la imagen del gobernador y de su familia.<\/p>\n<p>A los medios generadores y reproductores de esta falsa noticia, les pedimos que se rectifiquen, que dejen de generar odio y hagan un periodismo serio y decente. En este caso espec\u00edfico, el autor de la maniobra es un ex funcionario del gobierno anterior quien invent\u00f3 la supuesta noticia.<\/p>\n<p>Por ello, le pedimos a la direcci\u00f3n y a los operadores del FPCyS estar a la altura de las<br \/>\ncircunstancias, aceptar que en democracia se gana y se pierde, y que ser oposici\u00f3n no se trata injuriar y difamar a los que ganaron.<\/p>\n<p>Agradeceremos a los y las periodistas que ejercen su tarea en forma independiente y<br \/>\nresponsable en la inmensa mayor\u00eda de los medios de comunicaci\u00f3n de la provincia, no replicar<br \/>\nestas fake news, porque en realidad se trata de verdaderas operaciones pol\u00edticas disfrazadas de noticias period\u00edsticas.<\/p>\n<p>Nuestro gobierno seguir\u00e1 trabajando en el Boleto Educativo Gratuito, en el Boleto Educativo<br \/>\nRural, en los descuentos para el uso de la Billetera Santa Fe, en el Plan Incluir y las obras previstas en 365 municipios y comunas de la provincia, en la ayuda a las PyMes y al sector productivo.<\/p>\n<p>Nosotros seguiremos recogiendo las piedras que nos tiren y las usaremos para construir una provincia mejor, m\u00e1s justa y con mejores oportunidades para todas y todos.<\/p>\n","protected":false},"excerpt":{"rendered":"<p>La Secretar\u00eda de Comunicaci\u00f3n Social de la Provincia de Santa Fe, desmiente categ\u00f3ricamente que el gobernador Omar Perotti y su familia hayan sido vacunados contra el COVID-19. Hasta la fecha, fueron vacunadas 37.500 personas en nuestra provincia y continuamos suministrando vacunas cumpliendo con todos los protocolos. Ni el gobernador de la provincia, ni su familia, [&hellip;]<\/p>\n","protected":false},"author":3,"featured_media":0,"comment_status":"open","ping_status":"open","sticky":false,"template":"","format":"standard","meta":{"_joinchat":[],"footnotes":""},"categories":[58],"tags":[],"class_list":{"0":"post-17622","1":"post","2":"type-post","3":"status-publish","4":"format-standard","6":"category-opinion"},"_links":{"self":[{"href":"https:\/\/infovera.com.ar\/web\/wp-json\/wp\/v2\/posts\/17622","targetHints":{"allow":["GET"]}}],"collection":[{"href":"https:\/\/infovera.com.ar\/web\/wp-json\/wp\/v2\/posts"}],"about":[{"href":"https:\/\/infovera.com.ar\/web\/wp-json\/wp\/v2\/types\/post"}],"author":[{"embeddable":true,"href":"https:\/\/infovera.com.ar\/web\/wp-json\/wp\/v2\/users\/3"}],"replies":[{"embeddable":true,"href":"https:\/\/infovera.com.ar\/web\/wp-json\/wp\/v2\/comments?post=17622"}],"version-history":[{"count":0,"href":"https:\/\/infovera.com.ar\/web\/wp-json\/wp\/v2\/posts\/17622\/revisions"}],"wp:attachment":[{"href":"https:\/\/infovera.com.ar\/web\/wp-json\/wp\/v2\/media?parent=17622"}],"wp:term":[{"taxonomy":"category","embeddable":true,"href":"https:\/\/infovera.com.ar\/web\/wp-json\/wp\/v2\/categories?post=17622"},{"taxonomy":"post_tag","embeddable":true,"href":"https:\/\/infovera.com.ar\/web\/wp-json\/wp\/v2\/tags?post=17622"}],"curies":[{"name":"wp","href":"https:\/\/api.w.org\/{rel}","templated":true}]}}