{"id":17620,"date":"2021-02-22T11:24:34","date_gmt":"2021-02-22T14:24:34","guid":{"rendered":"https:\/\/infovera.com.ar\/web\/?p=17620"},"modified":"2021-02-22T11:24:34","modified_gmt":"2021-02-22T14:24:34","slug":"cronograma-de-pago-de-las-pensiones-sociales-ley-5110-4","status":"publish","type":"post","link":"https:\/\/infovera.com.ar\/web\/2021\/02\/22\/cronograma-de-pago-de-las-pensiones-sociales-ley-5110-4\/","title":{"rendered":"\u00a0Cronograma de pago de las pensiones sociales Ley 5110"},"content":{"rendered":"<p><strong>Se abonar\u00e1n el jueves 25 de febrero.<\/strong><\/p>\n<p>El Ministerio de Econom\u00eda de la provincia dio a conocer la fecha de pago de las pensiones sociales Ley 5110, expresos por razones pol\u00edticas (Ley N\u00b0 13.298), madres de v\u00edctimas del terrorismo de Estado (Ley 13.330), y excombatientes de Malvinas, correspondientes al mes de febrero.Las mismas se abonar\u00e1n este jueves 25 de febrero.<\/p>\n","protected":false},"excerpt":{"rendered":"<p>Se abonar\u00e1n el jueves 25 de febrero. El Ministerio de Econom\u00eda de la provincia dio a conocer la fecha de pago de las pensiones sociales Ley 5110, expresos por razones pol\u00edticas (Ley N\u00b0 13.298), madres de v\u00edctimas del terrorismo de Estado (Ley 13.330), y excombatientes de Malvinas, correspondientes al mes de febrero.Las mismas se abonar\u00e1n [&hellip;]<\/p>\n","protected":false},"author":3,"featured_media":0,"comment_status":"open","ping_status":"open","sticky":false,"template":"","format":"standard","meta":{"_joinchat":[],"footnotes":""},"categories":[60],"tags":[],"class_list":{"0":"post-17620","1":"post","2":"type-post","3":"status-publish","4":"format-standard","6":"category-provinciales"},"_links":{"self":[{"href":"https:\/\/infovera.com.ar\/web\/wp-json\/wp\/v2\/posts\/17620","targetHints":{"allow":["GET"]}}],"collection":[{"href":"https:\/\/infovera.com.ar\/web\/wp-json\/wp\/v2\/posts"}],"about":[{"href":"https:\/\/infovera.com.ar\/web\/wp-json\/wp\/v2\/types\/post"}],"author":[{"embeddable":true,"href":"https:\/\/infovera.com.ar\/web\/wp-json\/wp\/v2\/users\/3"}],"replies":[{"embeddable":true,"href":"https:\/\/infovera.com.ar\/web\/wp-json\/wp\/v2\/comments?post=17620"}],"version-history":[{"count":0,"href":"https:\/\/infovera.com.ar\/web\/wp-json\/wp\/v2\/posts\/17620\/revisions"}],"wp:attachment":[{"href":"https:\/\/infovera.com.ar\/web\/wp-json\/wp\/v2\/media?parent=17620"}],"wp:term":[{"taxonomy":"category","embeddable":true,"href":"https:\/\/infovera.com.ar\/web\/wp-json\/wp\/v2\/categories?post=17620"},{"taxonomy":"post_tag","embeddable":true,"href":"https:\/\/infovera.com.ar\/web\/wp-json\/wp\/v2\/tags?post=17620"}],"curies":[{"name":"wp","href":"https:\/\/api.w.org\/{rel}","templated":true}]}}