{"id":17582,"date":"2021-02-20T11:25:34","date_gmt":"2021-02-20T14:25:34","guid":{"rendered":"https:\/\/infovera.com.ar\/web\/?p=17582"},"modified":"2021-02-20T18:40:07","modified_gmt":"2021-02-20T21:40:07","slug":"dos-camioneros-transportaban-un-total-de-31-toneladas-de-lena-sin-guia-forestal","status":"publish","type":"post","link":"https:\/\/infovera.com.ar\/web\/2021\/02\/20\/dos-camioneros-transportaban-un-total-de-31-toneladas-de-lena-sin-guia-forestal\/","title":{"rendered":"Dos camioneros transportaban un total de 31 toneladas de le\u00f1a sin gu\u00eda forestal"},"content":{"rendered":"<p><strong>De control vehicular en Ruta Pcial. N\u00b0 40 S y Ruta Pcial. N\u00b0 3, personal de la secci\u00f3n Fort\u00edn Olmos de Los Pumas intercept\u00f3 un cami\u00f3n con acoplado<\/strong>, conducido por un ciudadano de 63 a\u00f1os, oriundo de la provincia de Chaco, quien transportaba la cantidad de 25 mil kilogramos de le\u00f1a, sin gu\u00eda forestal.<\/p>\n<p>Se le labr\u00f3 acta de Infracci\u00f3n a la Ley Nac. N\u00b0 13.273 &#8211; Ley Promoci\u00f3n Forestal,<br \/>\nquedando el decomiso en dep\u00f3sito legal del infractor.<\/p>\n<p>Interviene: Ministerio de MedioAmbiente y Cambio clim\u00e1tico de la ciudad de Santa Fe.<\/p>\n<p><strong>SECCION N\u00b0 19 &#8211; VERA:<\/strong><\/p>\n<p>Personal de Los Pumas, realizando control vehicular en Ruta Provincial N\u00b0 3 y acceso a la<br \/>\nlocalidad de Santa Felicia, intercept\u00f3 un cami\u00f3n, conducido por un ciudadano mayor de<br \/>\nedad, quien en esa ocasi\u00f3n transportaba 6 mil kilogramos de le\u00f1a seca, sin gu\u00eda<br \/>\nforestal para realizar dicha actividad, labrando Acta de Infracci\u00f3n a la Ley Nac. N\u00b0<br \/>\n13.273, Riqueza Forestal, quedando intervenida la carga, y continuando posteriormente la<br \/>\nlibre circulaci\u00f3n.<\/p>\n<p>Interviene: Secretaria de Medio Ambiente del Ministerio de la Producci\u00f3n de la Prov. De Santa Fe.<\/p>\n","protected":false},"excerpt":{"rendered":"<p>De control vehicular en Ruta Pcial. N\u00b0 40 S y Ruta Pcial. N\u00b0 3, personal de la secci\u00f3n Fort\u00edn Olmos de Los Pumas intercept\u00f3 un cami\u00f3n con acoplado, conducido por un ciudadano de 63 a\u00f1os, oriundo de la provincia de Chaco, quien transportaba la cantidad de 25 mil kilogramos de le\u00f1a, sin gu\u00eda forestal. Se [&hellip;]<\/p>\n","protected":false},"author":3,"featured_media":17583,"comment_status":"open","ping_status":"open","sticky":false,"template":"","format":"standard","meta":{"_joinchat":[],"footnotes":""},"categories":[51,30],"tags":[],"class_list":{"0":"post-17582","1":"post","2":"type-post","3":"status-publish","4":"format-standard","5":"has-post-thumbnail","7":"category-locales","8":"category-policiales"},"_links":{"self":[{"href":"https:\/\/infovera.com.ar\/web\/wp-json\/wp\/v2\/posts\/17582","targetHints":{"allow":["GET"]}}],"collection":[{"href":"https:\/\/infovera.com.ar\/web\/wp-json\/wp\/v2\/posts"}],"about":[{"href":"https:\/\/infovera.com.ar\/web\/wp-json\/wp\/v2\/types\/post"}],"author":[{"embeddable":true,"href":"https:\/\/infovera.com.ar\/web\/wp-json\/wp\/v2\/users\/3"}],"replies":[{"embeddable":true,"href":"https:\/\/infovera.com.ar\/web\/wp-json\/wp\/v2\/comments?post=17582"}],"version-history":[{"count":0,"href":"https:\/\/infovera.com.ar\/web\/wp-json\/wp\/v2\/posts\/17582\/revisions"}],"wp:featuredmedia":[{"embeddable":true,"href":"https:\/\/infovera.com.ar\/web\/wp-json\/wp\/v2\/media\/17583"}],"wp:attachment":[{"href":"https:\/\/infovera.com.ar\/web\/wp-json\/wp\/v2\/media?parent=17582"}],"wp:term":[{"taxonomy":"category","embeddable":true,"href":"https:\/\/infovera.com.ar\/web\/wp-json\/wp\/v2\/categories?post=17582"},{"taxonomy":"post_tag","embeddable":true,"href":"https:\/\/infovera.com.ar\/web\/wp-json\/wp\/v2\/tags?post=17582"}],"curies":[{"name":"wp","href":"https:\/\/api.w.org\/{rel}","templated":true}]}}