{"id":17561,"date":"2021-02-19T15:00:20","date_gmt":"2021-02-19T18:00:20","guid":{"rendered":"https:\/\/infovera.com.ar\/web\/?p=17561"},"modified":"2021-02-19T15:00:20","modified_gmt":"2021-02-19T18:00:20","slug":"senadores-del-nes-pj-se-reunieron-con-las-nuevas-autoridades-del-partido-justicialista-de-la-provincia","status":"publish","type":"post","link":"https:\/\/infovera.com.ar\/web\/2021\/02\/19\/senadores-del-nes-pj-se-reunieron-con-las-nuevas-autoridades-del-partido-justicialista-de-la-provincia\/","title":{"rendered":"Senadores del NES-PJ se reunieron con las nuevas autoridades del Partido Justicialista de la provincia"},"content":{"rendered":"<p><strong>Los representantes territoriales del Nuevo Espacio Santafesino concurrieron a un encuentro con Ricardo Olivera, presidente del partido, y Norma L\u00f3pez y Rub\u00e9n Pirola, vicepresidentes del PJ santafesino.<\/strong><\/p>\n<p>Los seis senadores provinciales del Nuevo Espacio (NES) se reunieron este jueves, en la sede del Partido Justicialista de Santa Fe (Crespo 2358) con las nuevas autoridades del PJ. Fueron recibidos por Ricardo Olivera, presidente del partido, y Norma L\u00f3pez y Rub\u00e9n Pirola, vicepresidentes, con la voluntad de trabajar unidos en la diversidad en pos de colaborar en todos los distritos de la provincia para sostener y consolidar el trabajo realizado desde 2017 hasta la fecha.<\/p>\n<p>Armando Traferri (San Lorenzo) Jos\u00e9 Baucero,( San Javier) Guillermo Cornaglia (Belgrano) Osvaldo Sosa (Vera) Ra\u00fal Gramajo (9 de Julio) y Rub\u00e9n Pirola (Las Colonias), este \u00faltimo en su doble rol de senador y vicepresidente del PJ, ratificaron &#8220;la necesidad de trabajar desde el partido renovando el v\u00ednculo con todos los espacios pol\u00edticos, poniendo toda la energ\u00eda para crecer en representaci\u00f3n en todos los municipios y comunas de la provincia, as\u00ed como generar alternativas y representaci\u00f3n en el Congreso nacional&#8221;.<\/p>\n<p>Los senadores del NES-PJ tambi\u00e9n reiteraron que tienen, &#8220;como siempre, una mirada amplia de coalici\u00f3n, no solo con los distintos espacios del peronismo sino tambi\u00e9n con los partidos aliados&#8221;.<\/p>\n<p>En este escenario complejo y dif\u00edcil que se presenta ante la pandemia del Covid 19, manifestaron su inter\u00e9s \u201cen la b\u00fasqueda de la unidad en la diversidad y el trabajo de la conducci\u00f3n provincial para garantizar para todas las compa\u00f1eras y compa\u00f1eros la posibilidad de las primarias abiertas, simultaneas y obligatorias que les permitan expresarse en cada uno de sus territorios\u201d.<\/p>\n","protected":false},"excerpt":{"rendered":"<p>Los representantes territoriales del Nuevo Espacio Santafesino concurrieron a un encuentro con Ricardo Olivera, presidente del partido, y Norma L\u00f3pez y Rub\u00e9n Pirola, vicepresidentes del PJ santafesino. Los seis senadores provinciales del Nuevo Espacio (NES) se reunieron este jueves, en la sede del Partido Justicialista de Santa Fe (Crespo 2358) con las nuevas autoridades del [&hellip;]<\/p>\n","protected":false},"author":3,"featured_media":17562,"comment_status":"open","ping_status":"open","sticky":false,"template":"","format":"standard","meta":{"_joinchat":[],"footnotes":""},"categories":[1],"tags":[],"class_list":{"0":"post-17561","1":"post","2":"type-post","3":"status-publish","4":"format-standard","5":"has-post-thumbnail","7":"category-sin-categoria"},"_links":{"self":[{"href":"https:\/\/infovera.com.ar\/web\/wp-json\/wp\/v2\/posts\/17561","targetHints":{"allow":["GET"]}}],"collection":[{"href":"https:\/\/infovera.com.ar\/web\/wp-json\/wp\/v2\/posts"}],"about":[{"href":"https:\/\/infovera.com.ar\/web\/wp-json\/wp\/v2\/types\/post"}],"author":[{"embeddable":true,"href":"https:\/\/infovera.com.ar\/web\/wp-json\/wp\/v2\/users\/3"}],"replies":[{"embeddable":true,"href":"https:\/\/infovera.com.ar\/web\/wp-json\/wp\/v2\/comments?post=17561"}],"version-history":[{"count":0,"href":"https:\/\/infovera.com.ar\/web\/wp-json\/wp\/v2\/posts\/17561\/revisions"}],"wp:featuredmedia":[{"embeddable":true,"href":"https:\/\/infovera.com.ar\/web\/wp-json\/wp\/v2\/media\/17562"}],"wp:attachment":[{"href":"https:\/\/infovera.com.ar\/web\/wp-json\/wp\/v2\/media?parent=17561"}],"wp:term":[{"taxonomy":"category","embeddable":true,"href":"https:\/\/infovera.com.ar\/web\/wp-json\/wp\/v2\/categories?post=17561"},{"taxonomy":"post_tag","embeddable":true,"href":"https:\/\/infovera.com.ar\/web\/wp-json\/wp\/v2\/tags?post=17561"}],"curies":[{"name":"wp","href":"https:\/\/api.w.org\/{rel}","templated":true}]}}