{"id":17556,"date":"2021-02-19T14:00:04","date_gmt":"2021-02-19T17:00:04","guid":{"rendered":"https:\/\/infovera.com.ar\/web\/?p=17556"},"modified":"2021-02-20T12:44:46","modified_gmt":"2021-02-20T15:44:46","slug":"vera-detuvieron-a-un-sujeto-que-intento-abrir-un-auto-estacionado","status":"publish","type":"post","link":"https:\/\/infovera.com.ar\/web\/2021\/02\/19\/vera-detuvieron-a-un-sujeto-que-intento-abrir-un-auto-estacionado\/","title":{"rendered":"Vera: detuvieron a un sujeto que intent\u00f3 abrir un auto estacionado"},"content":{"rendered":"<p><strong>A la 0:15, efectivos del Comando fueron anoticiados por la operadora en turno sobre el hecho.<\/strong><\/p>\n<p>Fue gracias a un llamado an\u00f3nimo al 101 en el cual un vecino dio cuenta que en calles San Mart\u00edn y Bernardo de Irigoyen hab\u00eda un sujeto, que vest\u00eda una bermudas color naranja, en actitud sospechosa queriendo abrir un autom\u00f3vil.<\/p>\n<p>Las numerarios del Comando se dirigieron al lugar y una vez all\u00ed se pudieron divisar a la persona en cuesti\u00f3n, que al notar la presencia de los m\u00f3viles policiales emprendi\u00f3 una huida por calle San Mart\u00edn &#8211; sentido sur &#8211; ingresando a un terreno bald\u00edo por calle Catamarca.<\/p>\n<p>Lo hallaron finalmente dentro de unos pastizales recostado boca abajo. Fue aprehendido y traaladado seccion Alcaid\u00eda por tentativa de hurto e inf art 205 y 239 C.P.<\/p>\n","protected":false},"excerpt":{"rendered":"<p>A la 0:15, efectivos del Comando fueron anoticiados por la operadora en turno sobre el hecho. Fue gracias a un llamado an\u00f3nimo al 101 en el cual un vecino dio cuenta que en calles San Mart\u00edn y Bernardo de Irigoyen hab\u00eda un sujeto, que vest\u00eda una bermudas color naranja, en actitud sospechosa queriendo abrir un [&hellip;]<\/p>\n","protected":false},"author":3,"featured_media":0,"comment_status":"open","ping_status":"open","sticky":false,"template":"","format":"standard","meta":{"_joinchat":[],"footnotes":""},"categories":[30,53],"tags":[],"class_list":{"0":"post-17556","1":"post","2":"type-post","3":"status-publish","4":"format-standard","6":"category-policiales","7":"category-vera"},"_links":{"self":[{"href":"https:\/\/infovera.com.ar\/web\/wp-json\/wp\/v2\/posts\/17556","targetHints":{"allow":["GET"]}}],"collection":[{"href":"https:\/\/infovera.com.ar\/web\/wp-json\/wp\/v2\/posts"}],"about":[{"href":"https:\/\/infovera.com.ar\/web\/wp-json\/wp\/v2\/types\/post"}],"author":[{"embeddable":true,"href":"https:\/\/infovera.com.ar\/web\/wp-json\/wp\/v2\/users\/3"}],"replies":[{"embeddable":true,"href":"https:\/\/infovera.com.ar\/web\/wp-json\/wp\/v2\/comments?post=17556"}],"version-history":[{"count":0,"href":"https:\/\/infovera.com.ar\/web\/wp-json\/wp\/v2\/posts\/17556\/revisions"}],"wp:attachment":[{"href":"https:\/\/infovera.com.ar\/web\/wp-json\/wp\/v2\/media?parent=17556"}],"wp:term":[{"taxonomy":"category","embeddable":true,"href":"https:\/\/infovera.com.ar\/web\/wp-json\/wp\/v2\/categories?post=17556"},{"taxonomy":"post_tag","embeddable":true,"href":"https:\/\/infovera.com.ar\/web\/wp-json\/wp\/v2\/tags?post=17556"}],"curies":[{"name":"wp","href":"https:\/\/api.w.org\/{rel}","templated":true}]}}