{"id":17549,"date":"2021-02-19T14:10:13","date_gmt":"2021-02-19T17:10:13","guid":{"rendered":"https:\/\/infovera.com.ar\/web\/?p=17549"},"modified":"2021-02-20T12:44:29","modified_gmt":"2021-02-20T15:44:29","slug":"el-gobierno-verense-declaro-de-interes-municipal-el-centenario-del-club-estudiantes","status":"publish","type":"post","link":"https:\/\/infovera.com.ar\/web\/2021\/02\/19\/el-gobierno-verense-declaro-de-interes-municipal-el-centenario-del-club-estudiantes\/","title":{"rendered":"El gobierno verense declar\u00f3 de inter\u00e9s municipal el centenario del Club Estudiantes"},"content":{"rendered":"<p><strong>La Municipalidad de Vera, a trav\u00e9s del Decreto N\u00b0 17\/2021 declar\u00f3 de Inter\u00e9s social, deportivo y cultural el Centenario del Club Atl\u00e9tico y Cultural Estudiantes Unidos.<\/strong><\/p>\n<p>&#8220;As\u00ed como lo hemos realizado con otros clubes centenarios de la ciudad, el Gobierno Municipal declara de inter\u00e9s el aniversario N\u00b0 100 del Club Estudiantes, uno de los pilares fundamentales del deporte en la ciudad&#8221;, expres\u00f3 la intendente Paula Mitre.<\/p>\n<p>DECRETO N\u00ba 17 \/2021.<br \/>\nVera, 17 de Febrero de 2021.-<br \/>\nVISTO:<br \/>\nEl Centenario del Club Atl\u00e9tico y Cultural Estudiantes Unidos.-<\/p>\n<p>CONSIDERANDO:<br \/>\nQue es una instituci\u00f3n de reconocida trayectoria, donde decenas de generaciones forjaron su formaci\u00f3n deportiva y cultural.<\/p>\n<p>Que la misma est\u00e1 orientada al desarrollo, integraci\u00f3n y contenci\u00f3n de ni\u00f1os, adolescentes, j\u00f3venes y adultos.<\/p>\n<p>Que es necesario otorgar la distinci\u00f3n que se merece a una instituci\u00f3n tan longeva y transcendente para toda la comunidad.<\/p>\n<p>POR TODO ELLO, LA INTENDENTE MUNICIPAL DE LA CIUDAD DE VERA, EN USO DE LAS FACULTADES QUE LE SON PROPIAS, DECRETA:<\/p>\n<p>ART. 1) Declarase de inter\u00e9s social, deportivo y cultural el Centenario del Club Atl\u00e9tico y Cultural Estudiantes Unidos, en jurisdicci\u00f3n del Municipio de la ciudad de Vera.<\/p>\n<p>ART. 2) Comun\u00edquese, Publ\u00edquese, Reg\u00edstrese y Arch\u00edvese.-<\/p>\n","protected":false},"excerpt":{"rendered":"<p>La Municipalidad de Vera, a trav\u00e9s del Decreto N\u00b0 17\/2021 declar\u00f3 de Inter\u00e9s social, deportivo y cultural el Centenario del Club Atl\u00e9tico y Cultural Estudiantes Unidos. &#8220;As\u00ed como lo hemos realizado con otros clubes centenarios de la ciudad, el Gobierno Municipal declara de inter\u00e9s el aniversario N\u00b0 100 del Club Estudiantes, uno de los pilares [&hellip;]<\/p>\n","protected":false},"author":3,"featured_media":17550,"comment_status":"open","ping_status":"open","sticky":false,"template":"","format":"standard","meta":{"_joinchat":[],"footnotes":""},"categories":[31,53],"tags":[],"class_list":{"0":"post-17549","1":"post","2":"type-post","3":"status-publish","4":"format-standard","5":"has-post-thumbnail","7":"category-deportes","8":"category-vera"},"_links":{"self":[{"href":"https:\/\/infovera.com.ar\/web\/wp-json\/wp\/v2\/posts\/17549","targetHints":{"allow":["GET"]}}],"collection":[{"href":"https:\/\/infovera.com.ar\/web\/wp-json\/wp\/v2\/posts"}],"about":[{"href":"https:\/\/infovera.com.ar\/web\/wp-json\/wp\/v2\/types\/post"}],"author":[{"embeddable":true,"href":"https:\/\/infovera.com.ar\/web\/wp-json\/wp\/v2\/users\/3"}],"replies":[{"embeddable":true,"href":"https:\/\/infovera.com.ar\/web\/wp-json\/wp\/v2\/comments?post=17549"}],"version-history":[{"count":0,"href":"https:\/\/infovera.com.ar\/web\/wp-json\/wp\/v2\/posts\/17549\/revisions"}],"wp:featuredmedia":[{"embeddable":true,"href":"https:\/\/infovera.com.ar\/web\/wp-json\/wp\/v2\/media\/17550"}],"wp:attachment":[{"href":"https:\/\/infovera.com.ar\/web\/wp-json\/wp\/v2\/media?parent=17549"}],"wp:term":[{"taxonomy":"category","embeddable":true,"href":"https:\/\/infovera.com.ar\/web\/wp-json\/wp\/v2\/categories?post=17549"},{"taxonomy":"post_tag","embeddable":true,"href":"https:\/\/infovera.com.ar\/web\/wp-json\/wp\/v2\/tags?post=17549"}],"curies":[{"name":"wp","href":"https:\/\/api.w.org\/{rel}","templated":true}]}}