{"id":17547,"date":"2021-02-19T14:34:40","date_gmt":"2021-02-19T17:34:40","guid":{"rendered":"https:\/\/infovera.com.ar\/web\/?p=17547"},"modified":"2021-02-20T18:40:41","modified_gmt":"2021-02-20T21:40:41","slug":"el-senador-sosa-denuncio-que-fue-victima-de-difamaciones-en-redes-sociales","status":"publish","type":"post","link":"https:\/\/infovera.com.ar\/web\/2021\/02\/19\/el-senador-sosa-denuncio-que-fue-victima-de-difamaciones-en-redes-sociales\/","title":{"rendered":"El senador Sosa denunci\u00f3 que fue v\u00edctima de difamaciones en redes sociales"},"content":{"rendered":"<p><strong>El legislador Osvaldo Sosa denunci\u00f3 difamaciones que t\u00e9cnicamente se circunscriben a calumnias e injurias y sustancian en un proceso penal mixto, declar\u00f3 hoy su Abogado Dr. Sixto Gonz\u00e1lez.<\/strong><\/p>\n<p>Adem\u00e1s, el letrado dijo a <strong>InfoVera<\/strong> que entiende que &#8220;de una ex\u00e9gesis de la publicaci\u00f3n en la red Somos de Vera Santa Fe, efectuada desde una cuenta denominada Linara Yosec, puede verse impl\u00edcitamente una amenaza a su persona y familia&#8221;.<\/p>\n<p>Por este caso, intervendr\u00eda en primera instancia el Fiscal de Turno y luego el Tribunal Civil que por turno corresponda en procura al resarcimiento por el da\u00f1o moral causado.<\/p>\n<p>El Dr. Gonz\u00e1lez refiri\u00f3 que &#8220;la pol\u00edtica da lugar a cr\u00edticas y es moneda corriente, pero la atribuci\u00f3n de presuntas conductas delictivas hace operar lo penado y previsto por nuestro C\u00f3digo de Rigor&#8221;.<\/p>\n","protected":false},"excerpt":{"rendered":"<p>El legislador Osvaldo Sosa denunci\u00f3 difamaciones que t\u00e9cnicamente se circunscriben a calumnias e injurias y sustancian en un proceso penal mixto, declar\u00f3 hoy su Abogado Dr. Sixto Gonz\u00e1lez. Adem\u00e1s, el letrado dijo a InfoVera que entiende que &#8220;de una ex\u00e9gesis de la publicaci\u00f3n en la red Somos de Vera Santa Fe, efectuada desde una cuenta [&hellip;]<\/p>\n","protected":false},"author":3,"featured_media":4998,"comment_status":"open","ping_status":"open","sticky":false,"template":"","format":"standard","meta":{"_joinchat":[],"footnotes":""},"categories":[30,53],"tags":[],"class_list":{"0":"post-17547","1":"post","2":"type-post","3":"status-publish","4":"format-standard","5":"has-post-thumbnail","7":"category-policiales","8":"category-vera"},"_links":{"self":[{"href":"https:\/\/infovera.com.ar\/web\/wp-json\/wp\/v2\/posts\/17547","targetHints":{"allow":["GET"]}}],"collection":[{"href":"https:\/\/infovera.com.ar\/web\/wp-json\/wp\/v2\/posts"}],"about":[{"href":"https:\/\/infovera.com.ar\/web\/wp-json\/wp\/v2\/types\/post"}],"author":[{"embeddable":true,"href":"https:\/\/infovera.com.ar\/web\/wp-json\/wp\/v2\/users\/3"}],"replies":[{"embeddable":true,"href":"https:\/\/infovera.com.ar\/web\/wp-json\/wp\/v2\/comments?post=17547"}],"version-history":[{"count":0,"href":"https:\/\/infovera.com.ar\/web\/wp-json\/wp\/v2\/posts\/17547\/revisions"}],"wp:featuredmedia":[{"embeddable":true,"href":"https:\/\/infovera.com.ar\/web\/wp-json\/wp\/v2\/media\/4998"}],"wp:attachment":[{"href":"https:\/\/infovera.com.ar\/web\/wp-json\/wp\/v2\/media?parent=17547"}],"wp:term":[{"taxonomy":"category","embeddable":true,"href":"https:\/\/infovera.com.ar\/web\/wp-json\/wp\/v2\/categories?post=17547"},{"taxonomy":"post_tag","embeddable":true,"href":"https:\/\/infovera.com.ar\/web\/wp-json\/wp\/v2\/tags?post=17547"}],"curies":[{"name":"wp","href":"https:\/\/api.w.org\/{rel}","templated":true}]}}