{"id":17540,"date":"2021-02-18T14:15:26","date_gmt":"2021-02-18T17:15:26","guid":{"rendered":"https:\/\/infovera.com.ar\/web\/?p=17540"},"modified":"2021-02-19T15:16:22","modified_gmt":"2021-02-19T18:16:22","slug":"cayeron-dos-hermanos-de-la-comunidad-aborigen-por-el-robo-de-motos-en-calchaqui","status":"publish","type":"post","link":"https:\/\/infovera.com.ar\/web\/2021\/02\/18\/cayeron-dos-hermanos-de-la-comunidad-aborigen-por-el-robo-de-motos-en-calchaqui\/","title":{"rendered":"Cayeron dos hermanos de la comunidad aborigen por el robo de motos en Calchaqu\u00ed"},"content":{"rendered":"<p><strong>Este mediod\u00eda.<\/strong><\/p>\n<p>Efectivos policiales aprehendieron a dos hermanos de apellido V\u00e1zquez, acusados por el robo de motos en la ciudad.<\/p>\n<p>Los apresados pertenecen a la comunidad aborigen. La polic\u00eda lleg\u00f3 hasta estos ellos luego de investigar una denuncia por hurto calificado radicada el 24 de diciembre de 2020 por una vecina de Calchaqu\u00ed, a la que le robaron su moto, una Honda Wave.<\/p>\n<p>La pesquisa de ese hecho llev\u00f3 a dar con estos hermanos, ambos mayores y domiciliados en zona este de la ciudad, que de acuerdo a las actuaciones policiales se encargaban de sustraer motos en distintos lugares para luego armar nuevas motos con repuestos y piezas cambiados.<\/p>\n<p>Los uniformados requisaron el domicilio y hallaron la moto sustra\u00edda, y tambi\u00e9 otras motos\u00a0 con repuestos cambiados (carcazas), marcas distintas a los motores. A ra\u00edz de ese hallazgo, mediante la secci\u00f3n Automores se busca determinar los propietarios.<\/p>\n<p>Los V\u00e1zquez quedaron aprehendidos. En la causa interviene el fiscal Leandro Benegas. A la siesta prosegu\u00edan la requisa en otros talleres donde, se sospecha, podr\u00edan hallarse m\u00e1s partes.<\/p>\n<div id='gallery-1' class='gallery galleryid-17540 gallery-columns-3 gallery-size-thumbnail'><figure class='gallery-item'>\n\t\t\t<div class='gallery-icon landscape'>\n\t\t\t\t<a href='https:\/\/infovera.com.ar\/web\/2021\/02\/18\/cayeron-dos-hermanos-de-la-comunidad-aborigen-por-el-robo-de-motos-en-calchaqui\/motos-10\/'><img loading=\"lazy\" decoding=\"async\" width=\"150\" height=\"150\" src=\"https:\/\/infovera.com.ar\/web\/wp-content\/uploads\/2021\/02\/motos-150x150.jpg\" class=\"attachment-thumbnail size-thumbnail\" alt=\"\" \/><\/a>\n\t\t\t<\/div><\/figure><figure class='gallery-item'>\n\t\t\t<div class='gallery-icon landscape'>\n\t\t\t\t<a href='https:\/\/infovera.com.ar\/web\/2021\/02\/18\/cayeron-dos-hermanos-de-la-comunidad-aborigen-por-el-robo-de-motos-en-calchaqui\/1-72\/'><img loading=\"lazy\" decoding=\"async\" width=\"150\" height=\"150\" src=\"https:\/\/infovera.com.ar\/web\/wp-content\/uploads\/2021\/02\/1-2-150x150.jpg\" class=\"attachment-thumbnail size-thumbnail\" alt=\"\" \/><\/a>\n\t\t\t<\/div><\/figure><figure class='gallery-item'>\n\t\t\t<div class='gallery-icon landscape'>\n\t\t\t\t<a href='https:\/\/infovera.com.ar\/web\/2021\/02\/18\/cayeron-dos-hermanos-de-la-comunidad-aborigen-por-el-robo-de-motos-en-calchaqui\/2-58\/'><img loading=\"lazy\" decoding=\"async\" width=\"150\" height=\"150\" src=\"https:\/\/infovera.com.ar\/web\/wp-content\/uploads\/2021\/02\/2-2-150x150.jpg\" class=\"attachment-thumbnail size-thumbnail\" alt=\"\" \/><\/a>\n\t\t\t<\/div><\/figure>\n\t\t<\/div>\n\n","protected":false},"excerpt":{"rendered":"<p>Este mediod\u00eda. Efectivos policiales aprehendieron a dos hermanos de apellido V\u00e1zquez, acusados por el robo de motos en la ciudad. Los apresados pertenecen a la comunidad aborigen. La polic\u00eda lleg\u00f3 hasta estos ellos luego de investigar una denuncia por hurto calificado radicada el 24 de diciembre de 2020 por una vecina de Calchaqu\u00ed, a la [&hellip;]<\/p>\n","protected":false},"author":3,"featured_media":17541,"comment_status":"open","ping_status":"open","sticky":false,"template":"","format":"standard","meta":{"_joinchat":[],"footnotes":""},"categories":[52,30],"tags":[],"class_list":{"0":"post-17540","1":"post","2":"type-post","3":"status-publish","4":"format-standard","5":"has-post-thumbnail","7":"category-calchaqui","8":"category-policiales"},"_links":{"self":[{"href":"https:\/\/infovera.com.ar\/web\/wp-json\/wp\/v2\/posts\/17540","targetHints":{"allow":["GET"]}}],"collection":[{"href":"https:\/\/infovera.com.ar\/web\/wp-json\/wp\/v2\/posts"}],"about":[{"href":"https:\/\/infovera.com.ar\/web\/wp-json\/wp\/v2\/types\/post"}],"author":[{"embeddable":true,"href":"https:\/\/infovera.com.ar\/web\/wp-json\/wp\/v2\/users\/3"}],"replies":[{"embeddable":true,"href":"https:\/\/infovera.com.ar\/web\/wp-json\/wp\/v2\/comments?post=17540"}],"version-history":[{"count":0,"href":"https:\/\/infovera.com.ar\/web\/wp-json\/wp\/v2\/posts\/17540\/revisions"}],"wp:featuredmedia":[{"embeddable":true,"href":"https:\/\/infovera.com.ar\/web\/wp-json\/wp\/v2\/media\/17541"}],"wp:attachment":[{"href":"https:\/\/infovera.com.ar\/web\/wp-json\/wp\/v2\/media?parent=17540"}],"wp:term":[{"taxonomy":"category","embeddable":true,"href":"https:\/\/infovera.com.ar\/web\/wp-json\/wp\/v2\/categories?post=17540"},{"taxonomy":"post_tag","embeddable":true,"href":"https:\/\/infovera.com.ar\/web\/wp-json\/wp\/v2\/tags?post=17540"}],"curies":[{"name":"wp","href":"https:\/\/api.w.org\/{rel}","templated":true}]}}