{"id":17409,"date":"2021-02-10T12:58:08","date_gmt":"2021-02-10T15:58:08","guid":{"rendered":"https:\/\/infovera.com.ar\/web\/?p=17409"},"modified":"2021-02-10T12:58:08","modified_gmt":"2021-02-10T15:58:08","slug":"lifschitz-sobre-las-retenciones-hay-que-impulsar-medidas-de-futuro-no-recetas-que-ya-fracasaron","status":"publish","type":"post","link":"https:\/\/infovera.com.ar\/web\/2021\/02\/10\/lifschitz-sobre-las-retenciones-hay-que-impulsar-medidas-de-futuro-no-recetas-que-ya-fracasaron\/","title":{"rendered":"Lifschitz sobre las retenciones: &#8220;Hay que impulsar medidas de futuro, no recetas que ya fracasaron&#8221;"},"content":{"rendered":"<p><strong>El presidente de la C\u00e1mara de Diputados y Diputadas de Santa Fe, Miguel Lifschitz, manifest\u00f3 su postura ante la posibilidad del aumento de retenciones al campo, y abog\u00f3 por \u201cpol\u00edticas que apunten a una mayor producci\u00f3n, con agregado de valor y una matriz sustentable\u201d. \u201cEs hora de trabajar para producir m\u00e1s alimentos, no de poner trabas a uno de los sectores m\u00e1s competitivos de la econom\u00eda nacional\u201d, asegur\u00f3.<\/strong><\/p>\n<p>El presidente de la C\u00e1mara de Diputados y Diputadas de Santa Fe, Miguel Lifschitz, manifest\u00f3 su rechazo ante la posibilidad de un nuevo aumento en las retenciones al campo, y pidi\u00f3 por \u201cpol\u00edticas y programas que apunten a potenciar el modelo exportador, con agregado de valor y de manera sustentable\u201d. \u201cLa soluci\u00f3n no puede ser siempre aumentar la carga tributaria sobre el sector agropecuario como si fuera responsable del desmanejo econ\u00f3mico de los sucesivos gobiernos, son viejas recetas que ya han demostrado no dar los\u00a0resultados que se pretenden. Hay que producir mayor cantidad de alimentos, generar empleos y divisas, y una medida de este tipo lograr\u00eda lo contrario\u201d, sostuvo.<\/p>\n<p>Lifschitz, que d\u00edas atr\u00e1s hab\u00eda manifestado su postura favorable a la eliminaci\u00f3n de las retenciones a la lecher\u00eda, manifest\u00f3 que \u201clos productores necesitan est\u00edmulos para afrontar un panorama muy complejo en lo macroecon\u00f3mico\u201d, y continu\u00f3: \u201cPareciera que ante la imposibilidad de encontrar soluciones m\u00e1s inteligentes, el gobierno nacional busca un enemigo al que responsabilizar por el aumento imparable de los precios. Estas decisiones generan incertidumbre y desconfianza y nos retrotraen a situaciones de conflicto que cre\u00edamos superadas. Ser\u00eda un grave error y traer\u00eda enormes \u00a0perjuicios, principalmente en provincias como la nuestra\u201d.<\/p>\n<p>De igual modo, el exgobernador de Santa Fe record\u00f3 el conflicto con el campo de 2008, que tuvo una particular virulencia en la regi\u00f3n centro y dej\u00f3 secuelas que luego tardaron a\u00f1os en superarse. \u201cAumentar retenciones o poner cupos a la exportaci\u00f3n \u00a0son medidas que ya han demostrado no generar beneficios para el pa\u00eds, sino todo lo contrario. Se debe encontrar otra salida para frenar la inflaci\u00f3n y buscar herramientas que, a su vez, no jaqueen al sector productivo\u201d, a\u00f1adi\u00f3.<\/p>\n<p>En tanto, el presidente de la C\u00e1mara baja provincial se refiri\u00f3 a los objetivos que deben plantearse para avanzar: \u201cSe necesitan acuerdos y pol\u00edticas claras para poner la econom\u00eda en marcha de manera sustentable, agregando valor en todos los eslabones de las cadenas productivas. Tenemos que trabajar en conjunto desde la pol\u00edtica con los sectores de la producci\u00f3n para lograr que la matriz productiva garantice el cuidado de los recursos naturales, potenciando a su vez un modelo exportador que ampl\u00ede la oferta de trabajo\u201d.<\/p>\n<p>\u201cEl campo juega un rol fundamental en este sentido -continu\u00f3 Lifschitz-, tanto para el crecimiento de Santa Fe como del resto del pa\u00eds. El estado debe tener un papel claro para lograr esto, invirtiendo en la mejora de infraestructuras, rutas y caminos, promoviendo la investigaci\u00f3n y el desarrollo tecnol\u00f3gico, y\u00a0estableciendo un marco de estabilidad macroecon\u00f3mica, poniendo especial \u00e9nfasis en el apoyo a los peque\u00f1os y medianos productores\u201d.<\/p>\n<p>A la hora de brindar ideas y propuestas que ayuden a salir de este dif\u00edcil momento, Lifschitz resalt\u00f3 que \u201cla discusi\u00f3n sobre una producci\u00f3n sustentable es ineludible y urgente\u201d, y sigui\u00f3: \u201cDeben plantearse incentivos para desarrollar cultivos m\u00e1s respetuosos con el ambiente, planteando, por ejemplo, baja en las retenciones de acuerdo al tipo de cultivo, alentando la diversificaci\u00f3n del suelo. Es necesario poner sobre la mesa discusiones en este sentido, abriendo nuestra econom\u00eda con un modelo sostenible\u201d.<\/p>\n<p>En tanto, el ex gobernador santafesino remarc\u00f3 que \u201ces dif\u00edcil de entender que se planteen solo dos opciones para resolver un problema tan delicado como la inflaci\u00f3n y el aumento de los precios en el pa\u00eds\u201d, y se\u00f1al\u00f3: \u201cLas potencialidades de nuestro pa\u00eds y particularmente de Santa Fe, con un fuerte perfil exportador. Necesitamos mayor productividad para lograr una econom\u00eda m\u00e1s competitiva\u201d.<\/p>\n<p>Por \u00faltimo, Lifschitz remarc\u00f3 que \u201cdeben darse discusiones serias con productores y referentes regionales y dejar de tomar decisiones desde una oficina de la Casa Rosada&#8221;. &#8220;Podemos abastecer al mercado interno con precios accesibles y aumentar los saldos exportables para obtener los d\u00f3lares que el pa\u00eds necesita\u201d, concluy\u00f3.<\/p>\n","protected":false},"excerpt":{"rendered":"<p>El presidente de la C\u00e1mara de Diputados y Diputadas de Santa Fe, Miguel Lifschitz, manifest\u00f3 su postura ante la posibilidad del aumento de retenciones al campo, y abog\u00f3 por \u201cpol\u00edticas que apunten a una mayor producci\u00f3n, con agregado de valor y una matriz sustentable\u201d. \u201cEs hora de trabajar para producir m\u00e1s alimentos, no de poner [&hellip;]<\/p>\n","protected":false},"author":3,"featured_media":17410,"comment_status":"open","ping_status":"open","sticky":false,"template":"","format":"standard","meta":{"_joinchat":[],"footnotes":""},"categories":[1],"tags":[],"class_list":{"0":"post-17409","1":"post","2":"type-post","3":"status-publish","4":"format-standard","5":"has-post-thumbnail","7":"category-sin-categoria"},"_links":{"self":[{"href":"https:\/\/infovera.com.ar\/web\/wp-json\/wp\/v2\/posts\/17409","targetHints":{"allow":["GET"]}}],"collection":[{"href":"https:\/\/infovera.com.ar\/web\/wp-json\/wp\/v2\/posts"}],"about":[{"href":"https:\/\/infovera.com.ar\/web\/wp-json\/wp\/v2\/types\/post"}],"author":[{"embeddable":true,"href":"https:\/\/infovera.com.ar\/web\/wp-json\/wp\/v2\/users\/3"}],"replies":[{"embeddable":true,"href":"https:\/\/infovera.com.ar\/web\/wp-json\/wp\/v2\/comments?post=17409"}],"version-history":[{"count":0,"href":"https:\/\/infovera.com.ar\/web\/wp-json\/wp\/v2\/posts\/17409\/revisions"}],"wp:featuredmedia":[{"embeddable":true,"href":"https:\/\/infovera.com.ar\/web\/wp-json\/wp\/v2\/media\/17410"}],"wp:attachment":[{"href":"https:\/\/infovera.com.ar\/web\/wp-json\/wp\/v2\/media?parent=17409"}],"wp:term":[{"taxonomy":"category","embeddable":true,"href":"https:\/\/infovera.com.ar\/web\/wp-json\/wp\/v2\/categories?post=17409"},{"taxonomy":"post_tag","embeddable":true,"href":"https:\/\/infovera.com.ar\/web\/wp-json\/wp\/v2\/tags?post=17409"}],"curies":[{"name":"wp","href":"https:\/\/api.w.org\/{rel}","templated":true}]}}