{"id":17349,"date":"2021-02-08T19:25:24","date_gmt":"2021-02-08T22:25:24","guid":{"rendered":"https:\/\/infovera.com.ar\/web\/?p=17349"},"modified":"2021-02-08T19:25:24","modified_gmt":"2021-02-08T22:25:24","slug":"perotti-en-este-paso-por-el-norte-vamos-a-dejar-500-millones-de-pesos-en-obras","status":"publish","type":"post","link":"https:\/\/infovera.com.ar\/web\/2021\/02\/08\/perotti-en-este-paso-por-el-norte-vamos-a-dejar-500-millones-de-pesos-en-obras\/","title":{"rendered":"Perotti: &#8220;En este paso por el norte vamos a dejar 500 millones de pesos en obras&#8221;"},"content":{"rendered":"<p><strong>Lo destac\u00f3 el gobernador de la provincia durante el acto de apertura de sobres con ofertas para la construcci\u00f3n de 23 viviendas en la localidad de Malabrigo.<\/strong><\/p>\n<p>El gobernador Omar Perotti encabez\u00f3 este lunes el acto de apertura de sobres con ofertas para la construcci\u00f3n de 23 viviendas con infraestructura b\u00e1sica en la localidad de Malabrigo, en el departamento General Obligado, tareas que contar\u00e1n con un plazo de 8 meses de ejecuci\u00f3n y un presupuesto que supera los 88 millones de pesos.<\/p>\n<p>El encuentro se desarroll\u00f3 en la Casa del Bicentenario de esa ciudad y participaron tambi\u00e9n el intendente Roberto Spont\u00f3n; la ministra de Infraestructura, Servicios P\u00fablicos y H\u00e1bitat, Silvina Frana; y el secretario de H\u00e1bitat, Urbanismo y Vivienda, Amado Zorz\u00f3n, entre otros.<\/p>\n<p>La actividad form\u00f3 parte de una recorrida que el gobernador realiz\u00f3 por localidades del norte provincial. En ese marco, resalt\u00f3 que \u201ccon distintas obras de aguas, viviendas y gas, y aportes que vamos a entregar a municipios y comunas, en este paso por el norte vamos a dejar 500 millones de pesos\u201d.<\/p>\n<p><strong>\u201cLAS COSAS BUENAS PARA LA GENTE NO SE CORTAN\u201d<\/strong><\/p>\n<p>En su discurso, Perotti asegur\u00f3 que \u201csi de algo tenemos pleno convencimiento es que todas las cosas que son buenas para la gente no se cortan, como las cosas que estaban definidas, charladas entre una comuna con la provincia. Lo \u00fanico que cortamos son los v\u00ednculos del delito, y eso tiene que marcar nuestra gesti\u00f3n\u201d.<\/p>\n<p>Respecto de la construcci\u00f3n de viviendas, record\u00f3 que el de Malabrigo \u201cera uno de los primeros casos que vimos de cosas inconclusas; hab\u00eda cosas que pod\u00edan retomarse, otras no, otras con expedientes con complicaciones. Deseamos que estos 8 meses de plazo para las obras nos encuentre en 2021 con este espacio cambiado, no solo con viviendas, sino con los sue\u00f1os de muchas familias que empiezan a escribir una historia distinta de su vida\u201d.<\/p>\n<p>\u201cEso es lo que queremos y estamos haciendo en cada lugar de la provincia\u201d afirm\u00f3 el gobernador, quien destac\u00f3 que 2020 \u201ctermin\u00f3 con un muy buen ritmo de obras, tanto en inauguraciones como en apertura de licitaciones, en rutas, en infraestructura sanitaria reforzada, en arreglos de escuelas, siempre con la posibilidad de continuar obras y de dar trabajo, y eso se consigui\u00f3 enormemente\u201d.<\/p>\n<p>Por \u00faltimo, expres\u00f3 que \u201cel a\u00f1o que pas\u00f3 terminamos siendo la provincia con mayor nivel de actividad y de inversiones, y con franca recuperaci\u00f3n del empleo privado registrado, y sobre esa base empezamos 2021, con muchas licitaciones en distintos rubros, como viviendas, con la construcci\u00f3n de 4.000 unidades en toda la provincia en lotes con servicios, y lo vamos a hacer con municipios y comunas, que son actores claves, en el cuidado del d\u00eda a d\u00eda de cada uno de nuestros vecinos\u201d.<\/p>\n<p><strong>OFERTAS<\/strong><\/p>\n<p>A la licitaci\u00f3n se presentaron ocho empresas, las que realizaron los siguientes ofrecimientos: Constructora Comercial del Arquitecto Juan Manuel Campana, $ 92.976.457,25; Pilatti S.A., $ 86.911.476,36; Coirini S.A., $ 88.431.658,96; la Uni\u00f3n Transitoria conformada por las firmas MT S.R.L. y Orion Ingenier\u00eda, $ 86.449.774,70; Tecnolog\u00eda Aplicada S.R.L., $ 91.375.792,43; P\u00f3rtico Construcciones del Arquitecto Daniel Ibarra, $ 87.666.711,83; Capaze S.R.L., $ 84.389.927,60; y Mart\u00ednez Juan Carlos, $ 80.894.012,30.<\/p>\n<p><strong>CONVICCI\u00d3N PARA CUMPLIR LOS OBJETIVOS<\/strong><\/p>\n<div style=\"width: 640px;\" class=\"wp-video\"><video class=\"wp-video-shortcode\" id=\"video-17349-1\" width=\"640\" height=\"360\" preload=\"metadata\" controls=\"controls\"><source type=\"video\/mp4\" src=\"https:\/\/www.santafe.gob.ar\/noticias\/recursos\/videosHD\/2021\/02\/2021-02-08NID_269908O_1.mp4?_=1\" \/><a href=\"https:\/\/www.santafe.gob.ar\/noticias\/recursos\/videosHD\/2021\/02\/2021-02-08NID_269908O_1.mp4\">https:\/\/www.santafe.gob.ar\/noticias\/recursos\/videosHD\/2021\/02\/2021-02-08NID_269908O_1.mp4<\/a><\/video><\/div>\n<p>Mientras tanto, la ministra de Infraestructura Silvina Frana reconoci\u00f3 que \u201cesta apertura de sobres tiene muchos significados: en primer lugar la firme decisi\u00f3n de que el objetivo de poner a Santa Fe de pie nunca se desdibuje a pesar de todos los inconvenientes que tuvimos que atravesar, como la crisis econ\u00f3mica y la pandemia. Sin embargo, se dejaron de lado las adversidades y se puso toda la convicci\u00f3n y prepotencia de trabajo para cumplir los objetivos\u201d.<\/p>\n<p>\u201cEn segundo lugar venimos a saldar una deuda, y eso tambi\u00e9n es una clara demostraci\u00f3n de seguir trabajando y entender que las pol\u00edticas de Estado que favorecen a la gente tienen que tener continuidad en el tiempo, m\u00e1s all\u00e1 del color pol\u00edtico\u201d, concluy\u00f3.<\/p>\n<p>A su turno, el intendente Spont\u00f3n se\u00f1al\u00f3 que \u201ceste es uno de los momentos m\u00e1s importantes de la historia de nuestro pueblo, con una inversi\u00f3n de m\u00e1s de 80 millones de pesos para las familias de nuestra comunidad\u201d, y agreg\u00f3 que \u201chablar de viviendas es generar pol\u00edticas de Estado que permitan fortalecer una familia, cosa tan importante que aqu\u00ed en los pueblos del interior es fundamental\u201d, al tiempo que reconoci\u00f3 que \u201cpara cualquier vecino, sin la ayuda del Estado ser\u00eda imposible acceder a la vivienda\u201d.<\/p>\n<p>Las viviendas a construirse \u201cser\u00e1n de dos dormitorios, y habr\u00e1 otras adaptadas para discapacitados motrices desarrolladas en planta baja. Todas van a contar con la infraestructura b\u00e1sica de agua, luz, cloaca y gas\u201d, detall\u00f3 el secretario de H\u00e1bitat, Urbanismo y Vivienda, Amado Zorz\u00f3n.<\/p>\n<p>Del acto participaron tambi\u00e9n los secretarios provinciales de Pr\u00e1cticas Sociocomunitarias, Ignacio Mart\u00ednez Kerz; y de Integraci\u00f3n y Fortalecimiento Institucional, Jos\u00e9 Luis Freyre; el subsecretario de Comunas, Carlos Kaufmann; el director provincial de Vivienda y Urbanismo, Jos\u00e9 Manuel Kerz; y el director de Aguas Santafesinas, Juan Manuel Costantini, entre otros.<\/p>\n","protected":false},"excerpt":{"rendered":"<p>Lo destac\u00f3 el gobernador de la provincia durante el acto de apertura de sobres con ofertas para la construcci\u00f3n de 23 viviendas en la localidad de Malabrigo. El gobernador Omar Perotti encabez\u00f3 este lunes el acto de apertura de sobres con ofertas para la construcci\u00f3n de 23 viviendas con infraestructura b\u00e1sica en la localidad de [&hellip;]<\/p>\n","protected":false},"author":3,"featured_media":17350,"comment_status":"open","ping_status":"open","sticky":false,"template":"","format":"standard","meta":{"_joinchat":[],"footnotes":""},"categories":[55],"tags":[],"class_list":{"0":"post-17349","1":"post","2":"type-post","3":"status-publish","4":"format-standard","5":"has-post-thumbnail","7":"category-reconquista"},"_links":{"self":[{"href":"https:\/\/infovera.com.ar\/web\/wp-json\/wp\/v2\/posts\/17349","targetHints":{"allow":["GET"]}}],"collection":[{"href":"https:\/\/infovera.com.ar\/web\/wp-json\/wp\/v2\/posts"}],"about":[{"href":"https:\/\/infovera.com.ar\/web\/wp-json\/wp\/v2\/types\/post"}],"author":[{"embeddable":true,"href":"https:\/\/infovera.com.ar\/web\/wp-json\/wp\/v2\/users\/3"}],"replies":[{"embeddable":true,"href":"https:\/\/infovera.com.ar\/web\/wp-json\/wp\/v2\/comments?post=17349"}],"version-history":[{"count":0,"href":"https:\/\/infovera.com.ar\/web\/wp-json\/wp\/v2\/posts\/17349\/revisions"}],"wp:featuredmedia":[{"embeddable":true,"href":"https:\/\/infovera.com.ar\/web\/wp-json\/wp\/v2\/media\/17350"}],"wp:attachment":[{"href":"https:\/\/infovera.com.ar\/web\/wp-json\/wp\/v2\/media?parent=17349"}],"wp:term":[{"taxonomy":"category","embeddable":true,"href":"https:\/\/infovera.com.ar\/web\/wp-json\/wp\/v2\/categories?post=17349"},{"taxonomy":"post_tag","embeddable":true,"href":"https:\/\/infovera.com.ar\/web\/wp-json\/wp\/v2\/tags?post=17349"}],"curies":[{"name":"wp","href":"https:\/\/api.w.org\/{rel}","templated":true}]}}