{"id":17344,"date":"2021-02-08T13:55:51","date_gmt":"2021-02-08T16:55:51","guid":{"rendered":"https:\/\/infovera.com.ar\/web\/?p=17344"},"modified":"2021-02-08T13:55:51","modified_gmt":"2021-02-08T16:55:51","slug":"la-pandemia-y-su-manipulacion-politica-y-social-una-bomba-de-tiempo","status":"publish","type":"post","link":"https:\/\/infovera.com.ar\/web\/2021\/02\/08\/la-pandemia-y-su-manipulacion-politica-y-social-una-bomba-de-tiempo\/","title":{"rendered":"La pandemia y su manipulaci\u00f3n pol\u00edtica y social: una bomba de tiempo"},"content":{"rendered":"<p><strong>Por Dar\u00edo H. Schueri.<\/strong><\/p>\n<p>Basta con observar a personas conduciendo sus autos, en algunos casos solos, con el tapabocas colocado, para advertir el grado de alienaci\u00f3n en la sociedad sobre la base del miedo a morir por coronavirus, exacerbado medi\u00e1ticamente hasta convertirla en una masa uniforme de seres paranoicos, estresados, con trastornos de ansiedad y propensos a lo que los psiquiatras ya est\u00e1n diagnosticando: angustia y depresi\u00f3n. \u00bfQu\u00e9 m\u00e1s falta para que se cumpla el sue\u00f1o dorado de todo aspirante a gobernante totalitario?. Nada. Una participante del programa de televisi\u00f3n Bienvenido a bordo que conduce Guido Kaczka, ante la pregunta \u00bfqu\u00e9 prenda se pone en los pies antes de las zapatillas\u201d, respondi\u00f3: \u201c\u00bftapabocas?\u201d.<\/p>\n<p>\u201cSi no hay un triunfo de la oposici\u00f3n en el 2021, no hay 2023; la bala de plata es hoy\u201d, advirti\u00f3 en Infobae Alvaro Zicarelli, asistente personal y consejero pol\u00edtico de la Diputada Amalia Granata, y adem\u00e1s aspirante a legislador porte\u00f1o.<\/p>\n<p>Zicarelli naturalmente no le descubri\u00f3 el agujero al mate, pero \u201cvisibiliz\u00f3\u201d lo que es motivo de desvelo en el Instituto Patria, y hoy revela el colega rosarino Mauricio Maronna: \u201cla vicepresidenta quiere que su espacio (La C\u00e1mpora) ocupe posiciones de poder territorial derrotando a los de siempre en primarias abiertas. \u00bfNo se puede?, se pregunta M\u00e1ximo. Y se responde: a elegir todo el mismo d\u00eda\u201d; \u00bfde qu\u00e9 manera? \u2013 nos preguntamos nosotros \u2013 con el sistema que rige en Santa Cruz y en esta Provincia se derog\u00f3 en el 2004: Ley de Lemas.<\/p>\n<p><strong>\u00bfEl fin del FPCyS?<\/strong><\/p>\n<p>Bajo esa premisa, ganar este a\u00f1o para aspirar en este caso a regresar a la gobernaci\u00f3n en el 2023 los radicales, principales socios del FPCyS, quieren cambiarle el nombre a la sociedad conformada hace m\u00e1s de dos d\u00e9cadas para poder sumar como accionista al PRO. \u201cFrente Amplio Santafesino\u201d, sugiri\u00f3 el titular de la UCR Carlos Fascendini, pensando que con la transferencia del fondo de comercio se podr\u00e1 ganarle al peronismo y su \u201cn\u00facleo duro\u201d del 30% arriba.<\/p>\n<p>\u00bfY Miguel Lifschitz?: \u201ces el candidato natural (a Senador nacional) del nuevo frente, y as\u00ed se lo hicimos saber al presidente de la UCR nacional Alfredo Cornejo, a quien le pedimos autorizaci\u00f3n para liquidar el FPCyS, pero tampoco adoptar la marca Juntos por el Cambio\u201d, relat\u00f3 uno de los dirigentes radicales asistentes a la reuni\u00f3n con Cornejo.<\/p>\n<p>\u00bfQu\u00e9 piensa el l\u00edder del PRO santafesino Federico Angelini?: \u201csi se suma el PS con Miguel Lifschitz, estamos de acuerdo que \u2013 el nuevo frente \u2013 se llame Santa Fe Cambia o algo as\u00ed; caso contrario seguimos con Juntos por el Cambio\u201d, razon\u00f3.<\/p>\n<p>\u00bfY qu\u00e9 dice a todo esto Miguel Lifschitz?: cree que ser\u00eda casi suicida para el socialismo \u2013 y el mismo \u2013 asociarse con el PRO: \u201centrar\u00edamos en el universo Cambiemos de Macri- Carri\u00f3 y ser\u00edamos m\u00e1s insignificante que un sat\u00e9lite lunar; adem\u00e1s por ganar, \u00bfcu\u00e1ntos votos?, se pregunt\u00f3, correr\u00edamos el serio riesgo de perder lo que tenemos como FPCyS\u201d, especul\u00f3.<\/p>\n<p>Con la definici\u00f3n de los principales actores, dejemos que la levadura haga su efecto en la masa antes de hornearla. Seg\u00fan pudimos saber, Alfredo Cornejo les habr\u00eda sugerido a los distinguidos visitantes un plazo no mayor a marzo para llevarle una respuesta sobre el nuevo frente (con la participaci\u00f3n de Lifschitz), caso contrario seguir\u00e1 avanzando con el PRO en Juntos por el Cambio.<\/p>\n<p>Miguel Lifschitz no podr\u00eda definirse org\u00e1nicamente antes de las elecciones internas de su Partido en abril; aunque ya lo hizo p\u00fablicamente de manera personal.<\/p>\n<p><strong>El Factor Sain<\/strong><\/p>\n<p>El Ministro de Seguridad Marcelo Sain invirti\u00f3 los t\u00e9rminos de la Ley de Gravedad, o lo que en lenguaje figurativo campestre ilustran cuando se trata de un desprop\u00f3sito: \u201clos patos le tiren a la escopeta\u201d.<\/p>\n<p>El indescriptible Ministro logr\u00f3 que el gobierno azuzara a la oposici\u00f3n para que lo invite a la legislatura (Diputados) a una \u201creuni\u00f3n de trabajo\u201d por el tema inseguridad, b\u00e1sicamente en Rosario, pero bajo sus t\u00e9rminos:\u201ca agenda abierta, con presencia de la prensa y con la exposici\u00f3n (virtual) de todos sus colaboradores, para trabajar sobre todos los temas que conciernen a la seguridad. Es necesario aclarar que la convocatoria no es para hablar del incremento de delitos y el crecimiento de la criminalidad, sino que se abordar\u00e1n diversos temas de acuerdo al pedido de los diputados\/as sin condicionar los temas a tratar\u201d, reza un comunicado del Ministerio de Seguridad.<\/p>\n<p>Inmediatamente, el titular de la Comisi\u00f3n de Seguridad de la C\u00e1mara de Diputados Juan Cruz C\u00e1ndido (que lo invit\u00f3 a exponer en la Comisi\u00f3n, no en el recinto) dijo que ese comunicado de prensa \u201cno es una respuesta formal; no nos damos por enterado\u201d, intim\u00f3.<\/p>\n<p>El bloque de Diputados de Juntos por el Cambio acompa\u00f1ado por la diputada Somos Vida Santa Fe Betina Florito, quien insisti\u00f3 toda la semana, prefieren que Sa\u00edn vaya al recinto a exponer y no a la Sala de Comisiones, mientras que el FPCyS es reacio a ello. Amalia Granata no tendr\u00eda problemas en que Sa\u00edn vaya al recinto, \u201cbajo las condiciones institucionales correctas; no como \u00e9l quiere e imponer su circo para tapar su inoperancia\u201d.<\/p>\n","protected":false},"excerpt":{"rendered":"<p>Por Dar\u00edo H. Schueri. Basta con observar a personas conduciendo sus autos, en algunos casos solos, con el tapabocas colocado, para advertir el grado de alienaci\u00f3n en la sociedad sobre la base del miedo a morir por coronavirus, exacerbado medi\u00e1ticamente hasta convertirla en una masa uniforme de seres paranoicos, estresados, con trastornos de ansiedad y [&hellip;]<\/p>\n","protected":false},"author":3,"featured_media":17345,"comment_status":"open","ping_status":"open","sticky":false,"template":"","format":"standard","meta":{"_joinchat":[],"footnotes":""},"categories":[58],"tags":[],"class_list":{"0":"post-17344","1":"post","2":"type-post","3":"status-publish","4":"format-standard","5":"has-post-thumbnail","7":"category-opinion"},"_links":{"self":[{"href":"https:\/\/infovera.com.ar\/web\/wp-json\/wp\/v2\/posts\/17344","targetHints":{"allow":["GET"]}}],"collection":[{"href":"https:\/\/infovera.com.ar\/web\/wp-json\/wp\/v2\/posts"}],"about":[{"href":"https:\/\/infovera.com.ar\/web\/wp-json\/wp\/v2\/types\/post"}],"author":[{"embeddable":true,"href":"https:\/\/infovera.com.ar\/web\/wp-json\/wp\/v2\/users\/3"}],"replies":[{"embeddable":true,"href":"https:\/\/infovera.com.ar\/web\/wp-json\/wp\/v2\/comments?post=17344"}],"version-history":[{"count":0,"href":"https:\/\/infovera.com.ar\/web\/wp-json\/wp\/v2\/posts\/17344\/revisions"}],"wp:featuredmedia":[{"embeddable":true,"href":"https:\/\/infovera.com.ar\/web\/wp-json\/wp\/v2\/media\/17345"}],"wp:attachment":[{"href":"https:\/\/infovera.com.ar\/web\/wp-json\/wp\/v2\/media?parent=17344"}],"wp:term":[{"taxonomy":"category","embeddable":true,"href":"https:\/\/infovera.com.ar\/web\/wp-json\/wp\/v2\/categories?post=17344"},{"taxonomy":"post_tag","embeddable":true,"href":"https:\/\/infovera.com.ar\/web\/wp-json\/wp\/v2\/tags?post=17344"}],"curies":[{"name":"wp","href":"https:\/\/api.w.org\/{rel}","templated":true}]}}