{"id":17299,"date":"2021-02-06T13:05:40","date_gmt":"2021-02-06T16:05:40","guid":{"rendered":"https:\/\/infovera.com.ar\/web\/?p=17299"},"modified":"2021-02-06T13:05:40","modified_gmt":"2021-02-06T16:05:40","slug":"llegaron-las-primeras-100-vacunas-contras-el-covid-al-hospital-de-vera","status":"publish","type":"post","link":"https:\/\/infovera.com.ar\/web\/2021\/02\/06\/llegaron-las-primeras-100-vacunas-contras-el-covid-al-hospital-de-vera\/","title":{"rendered":"Llegaron las primeras 100 vacunas contras el Covid al Hospital de Vera"},"content":{"rendered":"<p><strong>Son para el personal de Salud.<\/strong><\/p>\n<p>El anuncio le realiz\u00f3 el senador Osvaldo Sosa: &#8220;Recibimos junta con la directora del Hospital, Beatriz Villa, las primeras 100 vacunas para el personal de salud.<\/p>\n<p>Durante estos d\u00edas se van a realizar las diligencias necesarias para preparar al personal y comenzar a vacunar el d\u00eda lunes. Los primeros en recibir las dosis, ser\u00e1 el personal de Unidad Febril de Urgencia (UFU), para luego continuar con los dem\u00e1s integrantes del equipo de salud.<\/p>\n<p>Es una buena noticia la llegada de las vacunas, porque nos permite empezar a ver el comienzo del fin, de una emergencia sanitaria que nos golpe\u00f3 en todos los sentidos y que sus secuelas van a perdurar por bastante tiempo en nuestra sociedad&#8221;.<\/p>\n","protected":false},"excerpt":{"rendered":"<p>Son para el personal de Salud. El anuncio le realiz\u00f3 el senador Osvaldo Sosa: &#8220;Recibimos junta con la directora del Hospital, Beatriz Villa, las primeras 100 vacunas para el personal de salud. Durante estos d\u00edas se van a realizar las diligencias necesarias para preparar al personal y comenzar a vacunar el d\u00eda lunes. Los primeros [&hellip;]<\/p>\n","protected":false},"author":3,"featured_media":17300,"comment_status":"open","ping_status":"open","sticky":false,"template":"","format":"standard","meta":{"_joinchat":[],"footnotes":""},"categories":[51,53],"tags":[],"class_list":{"0":"post-17299","1":"post","2":"type-post","3":"status-publish","4":"format-standard","5":"has-post-thumbnail","7":"category-locales","8":"category-vera"},"_links":{"self":[{"href":"https:\/\/infovera.com.ar\/web\/wp-json\/wp\/v2\/posts\/17299","targetHints":{"allow":["GET"]}}],"collection":[{"href":"https:\/\/infovera.com.ar\/web\/wp-json\/wp\/v2\/posts"}],"about":[{"href":"https:\/\/infovera.com.ar\/web\/wp-json\/wp\/v2\/types\/post"}],"author":[{"embeddable":true,"href":"https:\/\/infovera.com.ar\/web\/wp-json\/wp\/v2\/users\/3"}],"replies":[{"embeddable":true,"href":"https:\/\/infovera.com.ar\/web\/wp-json\/wp\/v2\/comments?post=17299"}],"version-history":[{"count":0,"href":"https:\/\/infovera.com.ar\/web\/wp-json\/wp\/v2\/posts\/17299\/revisions"}],"wp:featuredmedia":[{"embeddable":true,"href":"https:\/\/infovera.com.ar\/web\/wp-json\/wp\/v2\/media\/17300"}],"wp:attachment":[{"href":"https:\/\/infovera.com.ar\/web\/wp-json\/wp\/v2\/media?parent=17299"}],"wp:term":[{"taxonomy":"category","embeddable":true,"href":"https:\/\/infovera.com.ar\/web\/wp-json\/wp\/v2\/categories?post=17299"},{"taxonomy":"post_tag","embeddable":true,"href":"https:\/\/infovera.com.ar\/web\/wp-json\/wp\/v2\/tags?post=17299"}],"curies":[{"name":"wp","href":"https:\/\/api.w.org\/{rel}","templated":true}]}}