{"id":17296,"date":"2021-02-06T13:03:21","date_gmt":"2021-02-06T16:03:21","guid":{"rendered":"https:\/\/infovera.com.ar\/web\/?p=17296"},"modified":"2021-02-08T12:11:12","modified_gmt":"2021-02-08T15:11:12","slug":"sumemos-esfuerzos-gestiona-que-siete-familias-de-el-triangulo-puedan-acceder-a-la-energia-electrica","status":"publish","type":"post","link":"https:\/\/infovera.com.ar\/web\/2021\/02\/06\/sumemos-esfuerzos-gestiona-que-siete-familias-de-el-triangulo-puedan-acceder-a-la-energia-electrica\/","title":{"rendered":"Sumemos Esfuerzos gestiona que siete familias de El Tri\u00e1ngulo puedan acceder a la energ\u00eda el\u00e9ctrica"},"content":{"rendered":"<p><strong>Continuando con su trabajo institucional de intervenci\u00f3n en el territorio, los concejales de Sumemos Esfuerzos, Javier Barbona y Eliana Tedini,<\/strong> junto a su equipo de colaboradores, luego de realizar un diagn\u00f3stico social con los vecinos de calle 1 de Mayo y Juan de Garay, elevaron un pedido a la EPE para gestionar que las 7 familias de ese sector del barrio El Tri\u00e1ngulo puedan acceder al servicio de energ\u00eda el\u00e9ctrica a trav\u00e9s del sistema de medidores sociales.<\/p>\n<p>El tr\u00e1mite fue ingresado el d\u00eda jueves 4 de febrero en las oficinas de la empresa en la ciudad de Vera.<\/p>\n<p>&#8220;Es fundamental que comencemos a regularizar el acceso de los ciudadanos a los servicios b\u00e1sicos para mejorar la calidad de vida y la energ\u00eda el\u00e9ctrica es uno de esos servicios&#8221;, sostuvieron los ediles.<\/p>\n","protected":false},"excerpt":{"rendered":"<p>Continuando con su trabajo institucional de intervenci\u00f3n en el territorio, los concejales de Sumemos Esfuerzos, Javier Barbona y Eliana Tedini, junto a su equipo de colaboradores, luego de realizar un diagn\u00f3stico social con los vecinos de calle 1 de Mayo y Juan de Garay, elevaron un pedido a la EPE para gestionar que las 7 [&hellip;]<\/p>\n","protected":false},"author":3,"featured_media":17297,"comment_status":"open","ping_status":"open","sticky":false,"template":"","format":"standard","meta":{"_joinchat":[],"footnotes":""},"categories":[51,53],"tags":[],"class_list":{"0":"post-17296","1":"post","2":"type-post","3":"status-publish","4":"format-standard","5":"has-post-thumbnail","7":"category-locales","8":"category-vera"},"_links":{"self":[{"href":"https:\/\/infovera.com.ar\/web\/wp-json\/wp\/v2\/posts\/17296","targetHints":{"allow":["GET"]}}],"collection":[{"href":"https:\/\/infovera.com.ar\/web\/wp-json\/wp\/v2\/posts"}],"about":[{"href":"https:\/\/infovera.com.ar\/web\/wp-json\/wp\/v2\/types\/post"}],"author":[{"embeddable":true,"href":"https:\/\/infovera.com.ar\/web\/wp-json\/wp\/v2\/users\/3"}],"replies":[{"embeddable":true,"href":"https:\/\/infovera.com.ar\/web\/wp-json\/wp\/v2\/comments?post=17296"}],"version-history":[{"count":0,"href":"https:\/\/infovera.com.ar\/web\/wp-json\/wp\/v2\/posts\/17296\/revisions"}],"wp:featuredmedia":[{"embeddable":true,"href":"https:\/\/infovera.com.ar\/web\/wp-json\/wp\/v2\/media\/17297"}],"wp:attachment":[{"href":"https:\/\/infovera.com.ar\/web\/wp-json\/wp\/v2\/media?parent=17296"}],"wp:term":[{"taxonomy":"category","embeddable":true,"href":"https:\/\/infovera.com.ar\/web\/wp-json\/wp\/v2\/categories?post=17296"},{"taxonomy":"post_tag","embeddable":true,"href":"https:\/\/infovera.com.ar\/web\/wp-json\/wp\/v2\/tags?post=17296"}],"curies":[{"name":"wp","href":"https:\/\/api.w.org\/{rel}","templated":true}]}}