{"id":17294,"date":"2021-02-06T12:57:20","date_gmt":"2021-02-06T15:57:20","guid":{"rendered":"https:\/\/infovera.com.ar\/web\/?p=17294"},"modified":"2021-02-06T12:57:20","modified_gmt":"2021-02-06T15:57:20","slug":"vera-no-registro-casos-nuevos-calchaqui-tuvo-6-positivos","status":"publish","type":"post","link":"https:\/\/infovera.com.ar\/web\/2021\/02\/06\/vera-no-registro-casos-nuevos-calchaqui-tuvo-6-positivos\/","title":{"rendered":"Vera no registr\u00f3 casos nuevos, Calchaqu\u00ed tuvo 6 positivos"},"content":{"rendered":"<p><strong>Departamento Vera. Informe epidemiol\u00f3gico de fecha 05\/02\/2021. 20,00 hs.<\/strong><\/p>\n<p><strong>VERA<\/strong><br \/>\nResultados Negativos 3.<br \/>\n<strong>Fallecidos 1.<\/strong><br \/>\nSospechosos 10. A la espera de 2 resultados PCR.<br \/>\nCasos positivos acumulados 1018.<br \/>\nTotal de Recuperados 987. En el d\u00eda de la fecha se otorgaron 2 altas.<br \/>\nFallecidos acumulados: 22.<br \/>\nPositivos Activos 9.<br \/>\nInternados 9. (5 en el hospital de Vera; 4 en el hospital central de Reconquista).<br \/>\nPersonas en aislamiento preventivo: 153.<\/p>\n<p><span style=\"color: #ff0000;\"><strong>CALCHAQUI<\/strong><\/span><br \/>\n<span style=\"color: #ff0000;\"><strong>Positivos Nuevos 6. (Determinados por m\u00e9todo AG).<\/strong><\/span><br \/>\nResultados Negativos 8. (Determinados por m\u00e9todo AG).<br \/>\n<strong>Fallecidos 1.<\/strong><br \/>\nPositivos acumulados 368.<br \/>\nTotal de Recuperados 310. En el d\u00eda de la fecha se otorgaron 4 altas.<br \/>\nFallecidos acumulados 15.<br \/>\nPositivos Activos 43.<br \/>\nInternados 7. (5 en centros de mayor complejidad; 2 en el Samco de Calchaqu\u00ed).<br \/>\nPersonas en aislamiento preventivo: 70.<\/p>\n<p><strong>MARGARITA<\/strong><br \/>\nResultados Negativos 4. (Determinado por m\u00e9todo PCR).<br \/>\nSospechosos 1. (Hisopado en el d\u00eda de la fecha, a la espera del resultado PCR).<br \/>\nCasos positivos acumulados 175.<br \/>\nTotal de Recuperados 160.<br \/>\nFallecidos acumulados 3.<br \/>\nPositivos Activos 12.<br \/>\nInternados 1. (En el hospital central de Reconquista).<br \/>\nPersonas en aislamiento preventivo: 41.<\/p>\n<p><strong>LA GALLARETA<\/strong><br \/>\nCasos positivos acumulados 37.<br \/>\nFallecidos acumulados 2.<br \/>\nTotal de Recuperados 33.<br \/>\nPositivos Activos 2.<br \/>\nInternados 1. (En el hospital de Vera).<br \/>\nPersonas en aislamiento preventivo: 0.<\/p>\n<p><strong>FORTIN OLMOS<\/strong><br \/>\nCasos positivos acumulados 38.<br \/>\nTotal de Recuperados 37.<br \/>\nFallecidos acumulados 1.<br \/>\nPersonas en aislamiento preventivo: 0.<\/p>\n<p><strong>INTIYACO<\/strong><br \/>\nCasos positivos acumulados 21.<br \/>\nTotal de Recuperados 19.<br \/>\nPositivos Activos 2.<br \/>\nInternados 1. (En el hospital de campa\u00f1a de Reconquista).<br \/>\nPersonas en aislamiento preventivo: 5. (Por tener contacto estrecho con un caso positivo; en sus domicilios con buen estado de salud).<\/p>\n<p><strong>GARABATO<\/strong><br \/>\nSospechosos 2.<br \/>\nCasos positivos acumulados 19.<br \/>\nTotal de Recuperados 15.<br \/>\nFallecidos acumulados 2.<br \/>\nPositivos Activos 2.<br \/>\nInternados 1. (En el hospital central de Reconquista).<br \/>\nPersonas en aislamiento preventivo: 21. (12 por tener contacto estrecho con un caso positivo; 9 por tener contacto estrecho con un caso sospechoso; en sus domicilios con buen estado de salud).<\/p>\n<p><strong>TARTAGAL<\/strong><br \/>\nSospechosos 3.<br \/>\nCasos positivos acumulados 15.<br \/>\nTotal de Recuperados 12.<br \/>\nFallecidos acumulados 2.<br \/>\nPositivos Activos 1.<br \/>\nInternados 1. (En el hospital central de Reconquista).<br \/>\nPersonas en aislamiento preventivo: 2.<\/p>\n<p><strong>TOBA<\/strong><br \/>\nCasos positivos acumulados 8.<br \/>\nTotal de Recuperados 7.<br \/>\nPositivos Activos 1.<br \/>\n(En su domicilio con buen estado de salud).<br \/>\nPersonas en aislamiento preventivo: 2. (Por tener contacto estrecho con casos positivos; en<br \/>\nsus domicilios con buen estado de salud).<\/p>\n<p><strong>GOLONDRINA<\/strong><br \/>\nCasos positivos acumulados 10.<br \/>\nTotal de Recuperados 10.<\/p>\n<p><strong>LOS AMORES<\/strong><br \/>\nCasos positivos acumulados 3.<br \/>\nTotal de Recuperados 3.<\/p>\n<p><strong>CA\u00d1ADA OMB\u00da<\/strong><br \/>\nCasos positivos acumulados 1.<br \/>\nTotal de Recuperados 1.<\/p>\n<p>RESTO DE LAS LOCALIDADES DEL DEPARTAMENTO<br \/>\nSin Novedades.<\/p>\n<p>(*) PUEDEN EXISTIR DIFERENCIAS CON EL INFORME PROVINCIAL POR LA DIFERENCIA DE HORARIOS DE CIERRE.<\/p>\n<p>COMIT\u00c9 DEPARTAMENTAL DE EMERGENCIA POR COVID-19.<\/p>\n","protected":false},"excerpt":{"rendered":"<p>Departamento Vera. Informe epidemiol\u00f3gico de fecha 05\/02\/2021. 20,00 hs. VERA Resultados Negativos 3. Fallecidos 1. Sospechosos 10. A la espera de 2 resultados PCR. Casos positivos acumulados 1018. Total de Recuperados 987. En el d\u00eda de la fecha se otorgaron 2 altas. Fallecidos acumulados: 22. Positivos Activos 9. Internados 9. (5 en el hospital de [&hellip;]<\/p>\n","protected":false},"author":3,"featured_media":0,"comment_status":"open","ping_status":"open","sticky":false,"template":"","format":"standard","meta":{"_joinchat":[],"footnotes":""},"categories":[51,53],"tags":[],"class_list":{"0":"post-17294","1":"post","2":"type-post","3":"status-publish","4":"format-standard","6":"category-locales","7":"category-vera"},"_links":{"self":[{"href":"https:\/\/infovera.com.ar\/web\/wp-json\/wp\/v2\/posts\/17294","targetHints":{"allow":["GET"]}}],"collection":[{"href":"https:\/\/infovera.com.ar\/web\/wp-json\/wp\/v2\/posts"}],"about":[{"href":"https:\/\/infovera.com.ar\/web\/wp-json\/wp\/v2\/types\/post"}],"author":[{"embeddable":true,"href":"https:\/\/infovera.com.ar\/web\/wp-json\/wp\/v2\/users\/3"}],"replies":[{"embeddable":true,"href":"https:\/\/infovera.com.ar\/web\/wp-json\/wp\/v2\/comments?post=17294"}],"version-history":[{"count":0,"href":"https:\/\/infovera.com.ar\/web\/wp-json\/wp\/v2\/posts\/17294\/revisions"}],"wp:attachment":[{"href":"https:\/\/infovera.com.ar\/web\/wp-json\/wp\/v2\/media?parent=17294"}],"wp:term":[{"taxonomy":"category","embeddable":true,"href":"https:\/\/infovera.com.ar\/web\/wp-json\/wp\/v2\/categories?post=17294"},{"taxonomy":"post_tag","embeddable":true,"href":"https:\/\/infovera.com.ar\/web\/wp-json\/wp\/v2\/tags?post=17294"}],"curies":[{"name":"wp","href":"https:\/\/api.w.org\/{rel}","templated":true}]}}