{"id":17287,"date":"2021-02-06T12:48:53","date_gmt":"2021-02-06T15:48:53","guid":{"rendered":"https:\/\/infovera.com.ar\/web\/?p=17287"},"modified":"2021-02-06T12:48:53","modified_gmt":"2021-02-06T15:48:53","slug":"reunion-paritarias-con-gremios-docentes","status":"publish","type":"post","link":"https:\/\/infovera.com.ar\/web\/2021\/02\/06\/reunion-paritarias-con-gremios-docentes\/","title":{"rendered":"Reuni\u00f3n paritarias con gremios docentes"},"content":{"rendered":"<p><strong>La provincia inici\u00f3 las reuniones paritarias con los gremios docentes. Junto a representantes de AMSAFE, SADOP, UDA y AMET se abordaron cuestiones salariales y las condiciones de trabajo que posibiliten retomar la presencialidad en las escuelas.<\/strong><\/p>\n<p>Los ministros de Educaci\u00f3n, Adriana Cantero, y de Trabajo, Empleo y Seguridad Social, Juan Manuel Pusineri iniciaron este viernes el di\u00e1logo paritario con los representantes de los sindicatos docentes de AMSAFE, SADOP, UDA y AMET.<\/p>\n<p>En la oportunidad, se acord\u00f3 la constituci\u00f3n de tres comisiones t\u00e9cnicas que trabajar\u00e1n durante la semana entrante en cuestiones referidas al reinicio de las clases presenciales y a las constituci\u00f3n de comit\u00e9s mixtos y concursos; y una tercera abocada a aspectos salariales.<\/p>\n<p>Al respecto, Pusineri destac\u00f3 que \u201cel gobierno provincial contin\u00faa cumpliendo con los compromisos asumidos oportunamente; entendiendo que la promoci\u00f3n del di\u00e1logo social y de la negociaci\u00f3n colectiva es el mejor instrumento para avanzar en los acuerdos entre todas las partes involucradas\u201d.<\/p>\n<p>Asimismo, subray\u00f3 que \u201cel Ministerio de Educaci\u00f3n ya ofreci\u00f3 542 cargos en escuelas secundarias y se apresta a ofrecer 40.000 horas c\u00e1tedra en las pr\u00f3ximas semanas, lo cual demuestra que lo que se ha planificado se est\u00e1 implementando poco a poco\u201d.<\/p>\n<p>Respecto de la pol\u00edtica salarial, Pusineri aspira a que en el encuentro del viernes pr\u00f3ximo puedan contar con algunos t\u00e9rminos de referencia originados en la paritaria nacional docente, que empieza a reunirse en los pr\u00f3ximos d\u00edas, y en el acuerdo sobre precios y salarios que est\u00e1 siendo promovido desde el gabinete econ\u00f3mico nacional, con la participaci\u00f3n de trabajadores y empresarios.<\/p>\n<p><strong>Revisi\u00f3n de concursos docentes<\/strong><\/p>\n<p>Consultado sobre la revisi\u00f3n de concursos docentes, Pusineri record\u00f3 que el Tribunal de Cuentas de la provincia ha observado un tr\u00e1mite con serias irregularidades en su confecci\u00f3n. Las titularizaciones identificadas como irregulares han sido dadas de baja, los docentes han vuelto a su condici\u00f3n de interinos, pero sin que su salario se vea afectado. \u201cNuestra aspiraci\u00f3n es que los concursos vuelvan a sustanciarse dentro del marco legal existente a fin de que no queden dudas acerca de la legalidad de estos procesos\u201d, concluy\u00f3 el funcionario.<\/p>\n","protected":false},"excerpt":{"rendered":"<p>La provincia inici\u00f3 las reuniones paritarias con los gremios docentes. Junto a representantes de AMSAFE, SADOP, UDA y AMET se abordaron cuestiones salariales y las condiciones de trabajo que posibiliten retomar la presencialidad en las escuelas. Los ministros de Educaci\u00f3n, Adriana Cantero, y de Trabajo, Empleo y Seguridad Social, Juan Manuel Pusineri iniciaron este viernes [&hellip;]<\/p>\n","protected":false},"author":3,"featured_media":17289,"comment_status":"open","ping_status":"open","sticky":false,"template":"","format":"standard","meta":{"_joinchat":[],"footnotes":""},"categories":[27],"tags":[],"class_list":{"0":"post-17287","1":"post","2":"type-post","3":"status-publish","4":"format-standard","5":"has-post-thumbnail","7":"category-gremiales"},"_links":{"self":[{"href":"https:\/\/infovera.com.ar\/web\/wp-json\/wp\/v2\/posts\/17287","targetHints":{"allow":["GET"]}}],"collection":[{"href":"https:\/\/infovera.com.ar\/web\/wp-json\/wp\/v2\/posts"}],"about":[{"href":"https:\/\/infovera.com.ar\/web\/wp-json\/wp\/v2\/types\/post"}],"author":[{"embeddable":true,"href":"https:\/\/infovera.com.ar\/web\/wp-json\/wp\/v2\/users\/3"}],"replies":[{"embeddable":true,"href":"https:\/\/infovera.com.ar\/web\/wp-json\/wp\/v2\/comments?post=17287"}],"version-history":[{"count":0,"href":"https:\/\/infovera.com.ar\/web\/wp-json\/wp\/v2\/posts\/17287\/revisions"}],"wp:featuredmedia":[{"embeddable":true,"href":"https:\/\/infovera.com.ar\/web\/wp-json\/wp\/v2\/media\/17289"}],"wp:attachment":[{"href":"https:\/\/infovera.com.ar\/web\/wp-json\/wp\/v2\/media?parent=17287"}],"wp:term":[{"taxonomy":"category","embeddable":true,"href":"https:\/\/infovera.com.ar\/web\/wp-json\/wp\/v2\/categories?post=17287"},{"taxonomy":"post_tag","embeddable":true,"href":"https:\/\/infovera.com.ar\/web\/wp-json\/wp\/v2\/tags?post=17287"}],"curies":[{"name":"wp","href":"https:\/\/api.w.org\/{rel}","templated":true}]}}