{"id":17262,"date":"2021-02-04T11:50:27","date_gmt":"2021-02-04T14:50:27","guid":{"rendered":"https:\/\/infovera.com.ar\/web\/?p=17262"},"modified":"2021-02-06T14:48:23","modified_gmt":"2021-02-06T17:48:23","slug":"funcionarios-del-ministerio-de-seguridad-provincial-recorren-el-norte-de-la-provincia-junto-con-ingenieros-de-invap","status":"publish","type":"post","link":"https:\/\/infovera.com.ar\/web\/2021\/02\/04\/funcionarios-del-ministerio-de-seguridad-provincial-recorren-el-norte-de-la-provincia-junto-con-ingenieros-de-invap\/","title":{"rendered":"Funcionarios del Ministerio de Seguridad provincial recorren el norte de la provincia junto con ingenieros de Invap"},"content":{"rendered":"<p><strong>Es para la incorporaci\u00f3n del helic\u00f3ptero no tripulado Ruas 160, y modernizaci\u00f3n del sistema de seguridad p\u00fablica. Una vez puesto en marcha, el dron dotar\u00e1 de mayor seguridad al norte santafesino.<\/strong><\/p>\n<p>El gobierno de la provincia a trav\u00e9s del Ministerio de Seguridad, realiz\u00f3 una operaci\u00f3n de reconocimiento por las islas del norte santafesino junto con los tecn\u00f3logos de Invap (Investigaci\u00f3n Aplicada- sociedad del Estado) a cargo de los proyectos de seguridad y defensa de la empresa que desarrolla sat\u00e9lites, radares y centrales nucleares.<\/p>\n<p>&#8220;Iniciamos la etapa avanzada de la implementaci\u00f3n del sistema a nuestro sistema de seguridad del helic\u00f3ptero no tripulado RUAS 160, su estaci\u00f3n terrestre y software espec\u00edfico como parte de la bater\u00eda de soluciones tecnol\u00f3gicas adquiridas&#8221;, explic\u00f3 Diego Llum\u00e1 subsecretario de Seguridad Preventiva de la provincia.<\/p>\n<p>&#8220;Estamos supervisando el territorio donde operar\u00eda el dron estrat\u00e9gico, helic\u00f3ptero no tripulado, Rua 160; y tambi\u00e9n, la articulaci\u00f3n con el sistema itinerante de vigilancia y acciones m\u00faltiples que es otra de las soluciones que estamos integrando para suplir los d\u00e9ficit que en estos momentos tiene la estructura policial. De esta manera se pretende dar respuesta a los desaf\u00edos de seguridad del delito y la violencia, sobre todo en el norte de la provincia\u201d, asegur\u00f3 Llum\u00e1.<\/p>\n<p>Por su parte el subgerente de desarrollo de negocios de Invap, Juan Pablo Brioni, indic\u00f3 que \u201crecorrimos el terreno para entender y luego cumplir con las necesidades en materia de seguridad, en el marco del Proyecto Rua, a ra\u00edz del convenio firmado ente Invap y el gobierno de la provincia&#8221;.<\/p>\n<p><strong>PROYECTO RUAS<\/strong><\/p>\n<p>El RUAS permitir\u00e1 a Santa Fe dotarse de una capacidad in\u00e9dita de vigilancia y de apoyo a\u00e9reo a operaciones policiales e investigaciones. Sus sensores, c\u00e1maras y sistema de vuelo automatizado, asociados a un software de an\u00e1lisis de im\u00e1genes de inter\u00e9s a la seguridad p\u00fablica, aportan informaci\u00f3n invalorable a la toma de decisiones de una determinada tarea operativa.<\/p>\n<p><strong>VEH\u00cdCULOS A\u00c9REOS NO TRIPULADOS<\/strong><\/p>\n<p>El sistema de Veh\u00edculos A\u00e9reos No Tripulados (Vant) es una importante contribuci\u00f3n a las actividades de seguridad, para realizar comando, control, comunicaciones, vigilancia, reconocimiento e identificaci\u00f3n de delitos. Tiene la ventaja de trabajar en ambientes peligrosos sin la exposici\u00f3n de tripulaci\u00f3n.<\/p>\n<p>La incorporaci\u00f3n de este sistema de aeronaves de alas rotativas a las actividades del Ministerio de Seguridad genera un valioso aporte en las distintas misiones en territorio espec\u00edficamente santafesino: vigilancia de rutas y espacios terrestres, de rutas fluviales y un aporte menor a la vigilancia del espacio a\u00e9reo cercano (vuelos irregulares o clandestinos).<\/p>\n<p>Este sistema puede transmitir videos diurnos o nocturnos en tiempo real a cualquier veh\u00edculo en movimiento de la fuerza de seguridad u otros organismos del estado, mientras se realiza la operaci\u00f3n coordinada.<\/p>\n<p><strong>EL CONVENIO<\/strong><\/p>\n<p>El 23 de Noviembre de 2020, el gobernador Omar Perotti y el ministro de seguridad, Marcelo Sain firmaron un convenio de cooperaci\u00f3n con Invap.<\/p>\n<p>En el marco de ese acuerdo, la cartera de Seguridad se suma a la etapa final de desarrollo del dron de largo alcance que ser\u00e1 integrado al sistema de seguridad de la provincia este a\u00f1o.<\/p>\n<p>Las capacidades principales son de b\u00fasqueda y rescate sobre el territorio, r\u00edos e islas, seguimiento y georreferenciaci\u00f3n de blancos, monitoreo de incendios o inundaciones, enlace de datos en tiempo real, entre otras.<\/p>\n<p>Durante la recorrida por el norte de la provincia, los funcionarios del Ministerio de Seguridad estuvieron acompa\u00f1ados por Julio Radosevich, de La Guardia Rural Los Pumas.<\/p>\n","protected":false},"excerpt":{"rendered":"<p>Es para la incorporaci\u00f3n del helic\u00f3ptero no tripulado Ruas 160, y modernizaci\u00f3n del sistema de seguridad p\u00fablica. Una vez puesto en marcha, el dron dotar\u00e1 de mayor seguridad al norte santafesino. El gobierno de la provincia a trav\u00e9s del Ministerio de Seguridad, realiz\u00f3 una operaci\u00f3n de reconocimiento por las islas del norte santafesino junto con [&hellip;]<\/p>\n","protected":false},"author":3,"featured_media":17263,"comment_status":"open","ping_status":"open","sticky":false,"template":"","format":"standard","meta":{"_joinchat":[],"footnotes":""},"categories":[55],"tags":[],"class_list":{"0":"post-17262","1":"post","2":"type-post","3":"status-publish","4":"format-standard","5":"has-post-thumbnail","7":"category-reconquista"},"_links":{"self":[{"href":"https:\/\/infovera.com.ar\/web\/wp-json\/wp\/v2\/posts\/17262","targetHints":{"allow":["GET"]}}],"collection":[{"href":"https:\/\/infovera.com.ar\/web\/wp-json\/wp\/v2\/posts"}],"about":[{"href":"https:\/\/infovera.com.ar\/web\/wp-json\/wp\/v2\/types\/post"}],"author":[{"embeddable":true,"href":"https:\/\/infovera.com.ar\/web\/wp-json\/wp\/v2\/users\/3"}],"replies":[{"embeddable":true,"href":"https:\/\/infovera.com.ar\/web\/wp-json\/wp\/v2\/comments?post=17262"}],"version-history":[{"count":0,"href":"https:\/\/infovera.com.ar\/web\/wp-json\/wp\/v2\/posts\/17262\/revisions"}],"wp:featuredmedia":[{"embeddable":true,"href":"https:\/\/infovera.com.ar\/web\/wp-json\/wp\/v2\/media\/17263"}],"wp:attachment":[{"href":"https:\/\/infovera.com.ar\/web\/wp-json\/wp\/v2\/media?parent=17262"}],"wp:term":[{"taxonomy":"category","embeddable":true,"href":"https:\/\/infovera.com.ar\/web\/wp-json\/wp\/v2\/categories?post=17262"},{"taxonomy":"post_tag","embeddable":true,"href":"https:\/\/infovera.com.ar\/web\/wp-json\/wp\/v2\/tags?post=17262"}],"curies":[{"name":"wp","href":"https:\/\/api.w.org\/{rel}","templated":true}]}}