{"id":17218,"date":"2021-02-03T10:31:42","date_gmt":"2021-02-03T13:31:42","guid":{"rendered":"https:\/\/infovera.com.ar\/web\/?p=17218"},"modified":"2021-02-03T13:51:12","modified_gmt":"2021-02-03T16:51:12","slug":"fondo-de-financiamiento-educativo-sosa-confirmo-que-las-comunas-y-municipios-del-departamento-vera-recibiran-mas-de-30-millones-de-pesos","status":"publish","type":"post","link":"https:\/\/infovera.com.ar\/web\/2021\/02\/03\/fondo-de-financiamiento-educativo-sosa-confirmo-que-las-comunas-y-municipios-del-departamento-vera-recibiran-mas-de-30-millones-de-pesos\/","title":{"rendered":"Fondo de Financiamiento Educativo: Sosa confirm\u00f3 que las comunas y municipios del departamento Vera recibir\u00e1n m\u00e1s de $30 millones"},"content":{"rendered":"<p><strong>As\u00ed lo confirm\u00f3 el senador provincial de acuerdo a la resoluci\u00f3n 25\/2021 emitida por el Ministerio de Econom\u00eda. La cartera de hacienda determin\u00f3 mediante ese documento el monto que ser\u00e1 transferido seg\u00fan lo establecido en el decreto 2072\/20.<\/strong><\/p>\n<p>\u201cPoco m\u00e1s de 30 millones de pesos son los que deber\u00e1n recibir entonces entre todas las localidades que conforman el departamento Vera en el transcurso de este a\u00f1o\u201d, afirm\u00f3 el senador Osvaldo Sosa.<\/p>\n<p>Estos fondos ser\u00e1n destinados a reparaciones, construcciones edilicias en instituciones escolares y la adquisici\u00f3n de equipamiento para las entidades educativas.<\/p>\n<p>VERA 8.738.653,93<\/p>\n<p>CALCHAQU\u00cd 7.242.371,11<\/p>\n<p>FORT\u00cdN OLMOS 2.083.670,44<\/p>\n<p>LA GALLARETA 1.888.925,57<\/p>\n<p>MARGARITA 2.863.216,48<\/p>\n<p>TOBA 897.893,68<\/p>\n<p>CA\u00d1ADA OMB\u00da 638.975,06<\/p>\n<p>GARABATO 1.301.894,40<\/p>\n<p>GOLONDRINA 630.046,54<\/p>\n<p>INTIYACO 1.252.789,66<\/p>\n<p>LOS AMORES 1.028.466,93<\/p>\n<p>TARTAGAL 1.381.132,91<\/p>\n<p>LOS TABANOS 400.646,14<\/p>\n<p><strong>TOTAL 30.348.682,85<\/strong><\/p>\n","protected":false},"excerpt":{"rendered":"<p>As\u00ed lo confirm\u00f3 el senador provincial de acuerdo a la resoluci\u00f3n 25\/2021 emitida por el Ministerio de Econom\u00eda. La cartera de hacienda determin\u00f3 mediante ese documento el monto que ser\u00e1 transferido seg\u00fan lo establecido en el decreto 2072\/20. \u201cPoco m\u00e1s de 30 millones de pesos son los que deber\u00e1n recibir entonces entre todas las localidades [&hellip;]<\/p>\n","protected":false},"author":3,"featured_media":0,"comment_status":"open","ping_status":"open","sticky":false,"template":"","format":"standard","meta":{"_joinchat":[],"footnotes":""},"categories":[51,53],"tags":[],"class_list":{"0":"post-17218","1":"post","2":"type-post","3":"status-publish","4":"format-standard","6":"category-locales","7":"category-vera"},"_links":{"self":[{"href":"https:\/\/infovera.com.ar\/web\/wp-json\/wp\/v2\/posts\/17218","targetHints":{"allow":["GET"]}}],"collection":[{"href":"https:\/\/infovera.com.ar\/web\/wp-json\/wp\/v2\/posts"}],"about":[{"href":"https:\/\/infovera.com.ar\/web\/wp-json\/wp\/v2\/types\/post"}],"author":[{"embeddable":true,"href":"https:\/\/infovera.com.ar\/web\/wp-json\/wp\/v2\/users\/3"}],"replies":[{"embeddable":true,"href":"https:\/\/infovera.com.ar\/web\/wp-json\/wp\/v2\/comments?post=17218"}],"version-history":[{"count":0,"href":"https:\/\/infovera.com.ar\/web\/wp-json\/wp\/v2\/posts\/17218\/revisions"}],"wp:attachment":[{"href":"https:\/\/infovera.com.ar\/web\/wp-json\/wp\/v2\/media?parent=17218"}],"wp:term":[{"taxonomy":"category","embeddable":true,"href":"https:\/\/infovera.com.ar\/web\/wp-json\/wp\/v2\/categories?post=17218"},{"taxonomy":"post_tag","embeddable":true,"href":"https:\/\/infovera.com.ar\/web\/wp-json\/wp\/v2\/tags?post=17218"}],"curies":[{"name":"wp","href":"https:\/\/api.w.org\/{rel}","templated":true}]}}