{"id":17211,"date":"2021-02-03T11:15:27","date_gmt":"2021-02-03T14:15:27","guid":{"rendered":"https:\/\/infovera.com.ar\/web\/?p=17211"},"modified":"2021-02-03T11:19:02","modified_gmt":"2021-02-03T14:19:02","slug":"docentes-destitularizados-se-movilizan-al-ministerio-de-educacion","status":"publish","type":"post","link":"https:\/\/infovera.com.ar\/web\/2021\/02\/03\/docentes-destitularizados-se-movilizan-al-ministerio-de-educacion\/","title":{"rendered":"Docentes &#8220;destitularizados&#8221; se movilizan al Ministerio de Educaci\u00f3n"},"content":{"rendered":"<p><strong>Este jueves 4 de febrero.<\/strong><\/p>\n<p><strong>COMUNICADO<\/strong><\/p>\n<p>Trabajadoras y trabajadores que sufrimos la destitularizaci\u00f3n nos movilizamos hacia el Ministerio de Educaci\u00f3n para solicitar que se retrotraigan las acciones que ponen en peligro nuestras fuentes laborales. El jueves 4 de febrero a las 10:30 nos manifestaremos frente a la sede de la cartera educativa en la ciudad de Santa Fe y realizaremos una marcha a la Sede de Gobernaci\u00f3n de la capital provincial.<\/p>\n<p><strong>Ahora, la incertidumbre y el desorden<\/strong><\/p>\n<p>A d\u00edas de su asunci\u00f3n el gobernador Omar Perotti emiti\u00f3 un decreto donde se autoimpuso un plazo de 60 d\u00edas para revisar los procesos de titularizaci\u00f3n (entre otros procesos administrativos) que se sustanciaron en el \u00faltimo a\u00f1o de la gesti\u00f3n anterior. Ese tiempo de revisi\u00f3n de los procesos venci\u00f3 en febrero de 2020. A casi un a\u00f1o de ese decreto y con todos los tiempos vencidos y en contexto de pandemia, el Ministerio de Educaci\u00f3n di\u00f3 de baja tres procesos de titularizaciones, dejando a cientos de trabajadores en situaci\u00f3n de precariedad laboral.<\/p>\n<p>Los concursos estaban previstos y acordados en paritarias por AMSAFE y contaron con la verificaci\u00f3n de todas las instancias provinciales que act\u00faan en los procesos de titularizaci\u00f3n dentro del sistema educativo de la Provincia de Santa Fe.\u00a0 Sin mediar ning\u00fan tipo de encuentro con las trabajadoras y trabajadores y, negando cualquier tipo de di\u00e1logo, el Gobierno Provincial nos priv\u00f3 de nuestra estabilidad laboral.<\/p>\n<p>En el mes de noviembre de 2020 nos enteramos por los medios de comunicaci\u00f3n sobre esta situaci\u00f3n in\u00e9dita en la Provincia de Santa Fe, que comenz\u00f3 con los decretos firmados por la Ministra de Educaci\u00f3n Adriana Cantero, dando de baja los procesos de titularizaciones de trabajadoras y trabajadores de la EEMPA N\u00ba 1330, Equipos Territoriales de Convivencia y Formaci\u00f3n Profesional.<\/p>\n<p>En el mes de enero del 2021 -en el medio de la licencia anual obligatoria- llegaron los telegramas informando la p\u00e9rdida de la condici\u00f3n de titular y el cambio de situaci\u00f3n de revista a interinos. De este modo, no s\u00f3lo irrumpieron un acuerdo paritario, sino que est\u00e1n atentando contra la salud ps\u00edquica y emocional de compa\u00f1eras y compa\u00f1eros que somos sost\u00e9n de familia. Nos precarizaron y, lejos de dar tranquilidad en semejante contexto pand\u00e9mico, nos hunden en una absoluta incertidumbre sobre nuestra continuidad laboral. A dicho telegrama lo respondimos con un recurso administrativo en el cual rechazamos el accionar avasallante del Ministerio de Educaci\u00f3n hacia nuestros derechos adquiridos.<\/p>\n<p>Estos decretos, de acuerdo con la informaci\u00f3n que se conoci\u00f3 por la prensa, aducen a irregularidades en los procesos concursales. AMSAFE inici\u00f3 acciones legales que incluyen una acci\u00f3n de amparo y una medida cautelar quedando a la espera de su resoluci\u00f3n por la feria judicial.<\/p>\n<p>La medida tomada arbitrariamente por parte del gobierno de la Provincia de Santa Fe deja un precedente inadmisible y bochornoso en la historia de los acuerdos paritarios entre trabajadores, gremios y gobierno, quitar derechos adquiridos.<\/p>\n<p>Trabajadoras y trabajadores de la Educaci\u00f3n nos encontramos en estado de alerta y movilizaci\u00f3n permanente hasta que se restituyan nuestros derechos avasallados.<\/p>\n<p><strong>DOCENTES EN LUCHA<\/strong><\/p>\n","protected":false},"excerpt":{"rendered":"<p>Este jueves 4 de febrero. COMUNICADO Trabajadoras y trabajadores que sufrimos la destitularizaci\u00f3n nos movilizamos hacia el Ministerio de Educaci\u00f3n para solicitar que se retrotraigan las acciones que ponen en peligro nuestras fuentes laborales. El jueves 4 de febrero a las 10:30 nos manifestaremos frente a la sede de la cartera educativa en la ciudad [&hellip;]<\/p>\n","protected":false},"author":3,"featured_media":17213,"comment_status":"open","ping_status":"open","sticky":false,"template":"","format":"standard","meta":{"_joinchat":[],"footnotes":""},"categories":[27],"tags":[],"class_list":{"0":"post-17211","1":"post","2":"type-post","3":"status-publish","4":"format-standard","5":"has-post-thumbnail","7":"category-gremiales"},"_links":{"self":[{"href":"https:\/\/infovera.com.ar\/web\/wp-json\/wp\/v2\/posts\/17211","targetHints":{"allow":["GET"]}}],"collection":[{"href":"https:\/\/infovera.com.ar\/web\/wp-json\/wp\/v2\/posts"}],"about":[{"href":"https:\/\/infovera.com.ar\/web\/wp-json\/wp\/v2\/types\/post"}],"author":[{"embeddable":true,"href":"https:\/\/infovera.com.ar\/web\/wp-json\/wp\/v2\/users\/3"}],"replies":[{"embeddable":true,"href":"https:\/\/infovera.com.ar\/web\/wp-json\/wp\/v2\/comments?post=17211"}],"version-history":[{"count":0,"href":"https:\/\/infovera.com.ar\/web\/wp-json\/wp\/v2\/posts\/17211\/revisions"}],"wp:featuredmedia":[{"embeddable":true,"href":"https:\/\/infovera.com.ar\/web\/wp-json\/wp\/v2\/media\/17213"}],"wp:attachment":[{"href":"https:\/\/infovera.com.ar\/web\/wp-json\/wp\/v2\/media?parent=17211"}],"wp:term":[{"taxonomy":"category","embeddable":true,"href":"https:\/\/infovera.com.ar\/web\/wp-json\/wp\/v2\/categories?post=17211"},{"taxonomy":"post_tag","embeddable":true,"href":"https:\/\/infovera.com.ar\/web\/wp-json\/wp\/v2\/tags?post=17211"}],"curies":[{"name":"wp","href":"https:\/\/api.w.org\/{rel}","templated":true}]}}