{"id":17130,"date":"2021-01-29T12:17:35","date_gmt":"2021-01-29T15:17:35","guid":{"rendered":"https:\/\/infovera.com.ar\/web\/?p=17130"},"modified":"2021-01-31T21:49:14","modified_gmt":"2021-02-01T00:49:14","slug":"cronograma-de-pagos-de-sueldos-del-mes-de-enero","status":"publish","type":"post","link":"https:\/\/infovera.com.ar\/web\/2021\/01\/29\/cronograma-de-pagos-de-sueldos-del-mes-de-enero\/","title":{"rendered":"Cronograma de pagos de sueldos del mes de enero"},"content":{"rendered":"<p><strong>La provincia comenzar\u00e1 a abonarlos el lunes 1 de febrero y se extender\u00e1 hasta el martes 9.<\/strong><\/p>\n<p>El Ministerio de Econom\u00eda inform\u00f3 que los sueldos y jubilaciones del mes de enero se empezar\u00e1n a pagar el d\u00eda lunes 1 de febrero y finalizar\u00e1n el martes 9 de febrero.<br \/>\nA continuaci\u00f3n el cronograma completo:<\/p>\n<p>Lunes 1 de febrero<\/p>\n<p>&lt; Pasivos a los que les corresponde percibir un monto de bolsillo de hasta 50.000 pesos<\/p>\n<p>&lt; Escalaf\u00f3n policial a percibir un monto de bolsillo de hasta 42.000 pesos<\/p>\n<p>Martes 2 de febrero<\/p>\n<p>&lt; Activos a los que les corresponde percibir un monto de bolsillo de hasta 30.000 pesos<\/p>\n<p>&lt; Escalaf\u00f3n policial a percibir un monto de bolsillo superior a 42.000 y hasta 70.000 pesos<\/p>\n<p>Mi\u00e9rcoles 3 de febrero<\/p>\n<p>&lt; Activos a los que les corresponde percibir un monto de bolsillo superior a 30.000 pesos y hasta 42.000 pesos<\/p>\n<p>&lt; Docentes de Escuelas Privadas Transferidas 2\u00b0 Convenio<\/p>\n<p>&lt; Escalaf\u00f3n policial a percibir un monto de bolsillo superior a 70.000 pesos<\/p>\n<p>Jueves 4 de febrero<\/p>\n<p>&lt; Activos a los que les corresponde percibir un monto de bolsillo superior a 42.000 y hasta 52.000 pesos<\/p>\n<p>&lt; Docentes de Escuelas Privadas Transferidas 1\u00b0 Convenio<\/p>\n<p>Viernes 5 de febrero<\/p>\n<p>&lt; Resto de activos a los que les corresponde percibir un monto de bolsillo superior a 52.000 pesos<\/p>\n<p>&lt; Docentes de Escuelas Privadas Hist\u00f3ricas<\/p>\n<p>Lunes 8 de febrero<\/p>\n<p>&lt; Resto de pasivos a los que les corresponde percibir un monto de bolsillo superior a 50.000 pesos<\/p>\n<p>Martes 9 de febrero<\/p>\n<p>&lt; Autoridades superiores Poder Judicial, Poder Legislativo y Poder Ejecutivo<\/p>\n","protected":false},"excerpt":{"rendered":"<p>La provincia comenzar\u00e1 a abonarlos el lunes 1 de febrero y se extender\u00e1 hasta el martes 9. El Ministerio de Econom\u00eda inform\u00f3 que los sueldos y jubilaciones del mes de enero se empezar\u00e1n a pagar el d\u00eda lunes 1 de febrero y finalizar\u00e1n el martes 9 de febrero. A continuaci\u00f3n el cronograma completo: Lunes 1 [&hellip;]<\/p>\n","protected":false},"author":3,"featured_media":0,"comment_status":"open","ping_status":"open","sticky":false,"template":"","format":"standard","meta":{"_joinchat":[],"footnotes":""},"categories":[60],"tags":[],"class_list":{"0":"post-17130","1":"post","2":"type-post","3":"status-publish","4":"format-standard","6":"category-provinciales"},"_links":{"self":[{"href":"https:\/\/infovera.com.ar\/web\/wp-json\/wp\/v2\/posts\/17130","targetHints":{"allow":["GET"]}}],"collection":[{"href":"https:\/\/infovera.com.ar\/web\/wp-json\/wp\/v2\/posts"}],"about":[{"href":"https:\/\/infovera.com.ar\/web\/wp-json\/wp\/v2\/types\/post"}],"author":[{"embeddable":true,"href":"https:\/\/infovera.com.ar\/web\/wp-json\/wp\/v2\/users\/3"}],"replies":[{"embeddable":true,"href":"https:\/\/infovera.com.ar\/web\/wp-json\/wp\/v2\/comments?post=17130"}],"version-history":[{"count":0,"href":"https:\/\/infovera.com.ar\/web\/wp-json\/wp\/v2\/posts\/17130\/revisions"}],"wp:attachment":[{"href":"https:\/\/infovera.com.ar\/web\/wp-json\/wp\/v2\/media?parent=17130"}],"wp:term":[{"taxonomy":"category","embeddable":true,"href":"https:\/\/infovera.com.ar\/web\/wp-json\/wp\/v2\/categories?post=17130"},{"taxonomy":"post_tag","embeddable":true,"href":"https:\/\/infovera.com.ar\/web\/wp-json\/wp\/v2\/tags?post=17130"}],"curies":[{"name":"wp","href":"https:\/\/api.w.org\/{rel}","templated":true}]}}