{"id":17129,"date":"2021-01-29T12:00:14","date_gmt":"2021-01-29T15:00:14","guid":{"rendered":"https:\/\/infovera.com.ar\/web\/?p=17129"},"modified":"2021-01-31T21:50:22","modified_gmt":"2021-02-01T00:50:22","slug":"queja-docente","status":"publish","type":"post","link":"https:\/\/infovera.com.ar\/web\/2021\/01\/29\/queja-docente\/","title":{"rendered":"Queja docente"},"content":{"rendered":"<p><strong>Los docentes de Jornada Completa del departamento Vera est\u00e1n que trinan porque el aumento prometido no les lleg\u00f3.<\/strong><\/p>\n<p>Se prometi\u00f3 el pago del reajuste por salario y aguinaldo \u2013acordado en paritaria- por planilla complementaria y as\u00ed lo cobraron los distintos sectores de la administraci\u00f3n p\u00fablica, incluyendo docentes privados y oficiales; a excepci\u00f3n de los docentes de Jornada Completa que vieron con sorpresa su marginaci\u00f3n del beneficio anunciado.<\/p>\n<p>Esto ha generado un descontento generalizado que se expres\u00f3 a trav\u00e9s de las redes sociales y ante el propio gremio.<\/p>\n<p>Desde Amsafe Vera se formaliz\u00f3 el reclamo por los medios habituales y se recibi\u00f3 como respuesta que se debi\u00f3 a \u201cun error de c\u00f3mputo donde el importe aparece en la planilla equivocada\u201d, como resultado el cobro es 0,00 pesos.<\/p>\n<p>Si bien el Ministerio ha informado que el problema ser\u00eda subsanado a la brevedad, pasado el tiempo los maestros siguen sin cobrar y la bronca se hace sentir, sobre todo en un departamento donde son varios los establecimientos que funcionan en esa modalidad muchos maestros se vieron afectados.<\/p>\n","protected":false},"excerpt":{"rendered":"<p>Los docentes de Jornada Completa del departamento Vera est\u00e1n que trinan porque el aumento prometido no les lleg\u00f3. Se prometi\u00f3 el pago del reajuste por salario y aguinaldo \u2013acordado en paritaria- por planilla complementaria y as\u00ed lo cobraron los distintos sectores de la administraci\u00f3n p\u00fablica, incluyendo docentes privados y oficiales; a excepci\u00f3n de los docentes [&hellip;]<\/p>\n","protected":false},"author":3,"featured_media":17132,"comment_status":"open","ping_status":"open","sticky":false,"template":"","format":"standard","meta":{"_joinchat":[],"footnotes":""},"categories":[53],"tags":[],"class_list":{"0":"post-17129","1":"post","2":"type-post","3":"status-publish","4":"format-standard","5":"has-post-thumbnail","7":"category-vera"},"_links":{"self":[{"href":"https:\/\/infovera.com.ar\/web\/wp-json\/wp\/v2\/posts\/17129","targetHints":{"allow":["GET"]}}],"collection":[{"href":"https:\/\/infovera.com.ar\/web\/wp-json\/wp\/v2\/posts"}],"about":[{"href":"https:\/\/infovera.com.ar\/web\/wp-json\/wp\/v2\/types\/post"}],"author":[{"embeddable":true,"href":"https:\/\/infovera.com.ar\/web\/wp-json\/wp\/v2\/users\/3"}],"replies":[{"embeddable":true,"href":"https:\/\/infovera.com.ar\/web\/wp-json\/wp\/v2\/comments?post=17129"}],"version-history":[{"count":0,"href":"https:\/\/infovera.com.ar\/web\/wp-json\/wp\/v2\/posts\/17129\/revisions"}],"wp:featuredmedia":[{"embeddable":true,"href":"https:\/\/infovera.com.ar\/web\/wp-json\/wp\/v2\/media\/17132"}],"wp:attachment":[{"href":"https:\/\/infovera.com.ar\/web\/wp-json\/wp\/v2\/media?parent=17129"}],"wp:term":[{"taxonomy":"category","embeddable":true,"href":"https:\/\/infovera.com.ar\/web\/wp-json\/wp\/v2\/categories?post=17129"},{"taxonomy":"post_tag","embeddable":true,"href":"https:\/\/infovera.com.ar\/web\/wp-json\/wp\/v2\/tags?post=17129"}],"curies":[{"name":"wp","href":"https:\/\/api.w.org\/{rel}","templated":true}]}}