{"id":17120,"date":"2021-01-28T12:10:38","date_gmt":"2021-01-28T15:10:38","guid":{"rendered":"https:\/\/infovera.com.ar\/web\/?p=17120"},"modified":"2021-02-01T13:39:04","modified_gmt":"2021-02-01T16:39:04","slug":"polemica-por-la-venta-ambulante-en-tartagal","status":"publish","type":"post","link":"https:\/\/infovera.com.ar\/web\/2021\/01\/28\/polemica-por-la-venta-ambulante-en-tartagal\/","title":{"rendered":"Pol\u00e9mica por la venta ambulante en Tartagal"},"content":{"rendered":"<p><strong>Una joven denunci\u00f3 en las redes que la polic\u00eda par\u00f3 a un vecino de la localidad y le dijo que no pod\u00eda vender m\u00e1s pan en forma ambulante, como lo ven\u00eda haciendo, sin antes sacar un permiso comunal.<\/strong><\/p>\n<p>Seg\u00fan expuso J. C., tambi\u00e9n la polic\u00eda le comunic\u00f3, ins\u00f3litamente, que no pod\u00eda vender demasiados panes.<\/p>\n<p>&#8220;Le est\u00e1n cortando su trabajo solo porque vende muchos panes&#8221;, exclam\u00f3 esta joven que hizo p\u00fablica su queja en Facebook.<\/p>\n<p>&#8220;Es una injusticia lo que hacen, a no quedarse callados, y si hay que salir por los medios vamos a salir porque eso que quieren hacer no se puede&#8221;, afirm\u00f3.<\/p>\n<p>A ra\u00edz del incidente, m\u00e1s tarde la Comuna de Tartagal difundi\u00f3 un comunicado en el que aclar\u00f3: &#8220;La Comuna de Tartagal comunica a todos los Emprendedores de nuestro Pueblo que no est\u00e1 establecido ning\u00fan l\u00edmite de venta de sus productos. Solo deben tener en cuenta los horarios estipulados por el Decreto Provincial (Lunes a Viernes hasta 00.30 hs &#8211; Fines de semanas y feriados 01.30 hs). Brindamos nuestro Apoyo a los Emprendedores Locales&#8221;.<\/p>\n","protected":false},"excerpt":{"rendered":"<p>Una joven denunci\u00f3 en las redes que la polic\u00eda par\u00f3 a un vecino de la localidad y le dijo que no pod\u00eda vender m\u00e1s pan en forma ambulante, como lo ven\u00eda haciendo, sin antes sacar un permiso comunal. Seg\u00fan expuso J. C., tambi\u00e9n la polic\u00eda le comunic\u00f3, ins\u00f3litamente, que no pod\u00eda vender demasiados panes. &#8220;Le [&hellip;]<\/p>\n","protected":false},"author":3,"featured_media":17123,"comment_status":"open","ping_status":"open","sticky":false,"template":"","format":"standard","meta":{"_joinchat":[],"footnotes":""},"categories":[51],"tags":[],"class_list":{"0":"post-17120","1":"post","2":"type-post","3":"status-publish","4":"format-standard","5":"has-post-thumbnail","7":"category-locales"},"_links":{"self":[{"href":"https:\/\/infovera.com.ar\/web\/wp-json\/wp\/v2\/posts\/17120","targetHints":{"allow":["GET"]}}],"collection":[{"href":"https:\/\/infovera.com.ar\/web\/wp-json\/wp\/v2\/posts"}],"about":[{"href":"https:\/\/infovera.com.ar\/web\/wp-json\/wp\/v2\/types\/post"}],"author":[{"embeddable":true,"href":"https:\/\/infovera.com.ar\/web\/wp-json\/wp\/v2\/users\/3"}],"replies":[{"embeddable":true,"href":"https:\/\/infovera.com.ar\/web\/wp-json\/wp\/v2\/comments?post=17120"}],"version-history":[{"count":0,"href":"https:\/\/infovera.com.ar\/web\/wp-json\/wp\/v2\/posts\/17120\/revisions"}],"wp:featuredmedia":[{"embeddable":true,"href":"https:\/\/infovera.com.ar\/web\/wp-json\/wp\/v2\/media\/17123"}],"wp:attachment":[{"href":"https:\/\/infovera.com.ar\/web\/wp-json\/wp\/v2\/media?parent=17120"}],"wp:term":[{"taxonomy":"category","embeddable":true,"href":"https:\/\/infovera.com.ar\/web\/wp-json\/wp\/v2\/categories?post=17120"},{"taxonomy":"post_tag","embeddable":true,"href":"https:\/\/infovera.com.ar\/web\/wp-json\/wp\/v2\/tags?post=17120"}],"curies":[{"name":"wp","href":"https:\/\/api.w.org\/{rel}","templated":true}]}}