{"id":17107,"date":"2021-01-27T16:00:39","date_gmt":"2021-01-27T19:00:39","guid":{"rendered":"https:\/\/infovera.com.ar\/web\/?p=17107"},"modified":"2021-01-28T13:58:58","modified_gmt":"2021-01-28T16:58:58","slug":"para-lograr-autonomia-plena-se-necesita-dotar-de-mayores-recursos-a-los-gobiernos-locales","status":"publish","type":"post","link":"https:\/\/infovera.com.ar\/web\/2021\/01\/27\/para-lograr-autonomia-plena-se-necesita-dotar-de-mayores-recursos-a-los-gobiernos-locales\/","title":{"rendered":"\u201cPara lograr autonom\u00eda plena se necesita dotar de mayores recursos a los gobiernos locales\u201d"},"content":{"rendered":"<p><strong>Foro de Intendentes y Presidentes de Comuna Radicales de Santa Fe dio conocer un comunicado respecto de la iniciativa del gobierno provincial de avanzar en la autonom\u00eda de municipios y comunas.<\/strong><\/p>\n<p><span style=\"color: #ff0000;\"><strong>LA AUTONOM\u00cdA MUNICIPAL UN CAMINO NECESARIO HACIA LA IGUALDAD<\/strong><\/span><\/p>\n<p>La autonom\u00eda de los municipios es una deuda pendiente en la provincia de Santa Fe, dado que es una garant\u00eda que la misma Constituci\u00f3n Nacional dispone para el r\u00e9gimen municipal. Es un paso muy importante para lograr mayor institucionalidad, m\u00e1s democracia, m\u00e1s y mejores servicios para los ciudadanos.<\/p>\n<p>Asimismo, advertimos, que NO HAY AUTONOM\u00cdA REAL SIN MAYORES RECURSOS PARA LOS MUNICIPIOS Y COMUNAS.<\/p>\n<p>Por este motivo, plantear una ley de autonom\u00eda sin incluir en el an\u00e1lisis c\u00f3mo se financiar\u00e1n las mayores responsabilidades de los municipios y comunas, ser\u00eda muy negativo para los gobiernos locales y los ciudadanos de cada localidad.<\/p>\n<p>Como FORO DE INTENDENTES Y PRESIDENTES DE COMUNAS RADICALES DE SANTA FE celebramos que se ponga en agenda este tema tan importante y nos ponemos a disposici\u00f3n para debatir y realizar los aportes necesarios para lograr el objetivo que nos proponemos, \u201cque los gobiernos locales tengan en la estructura del estado el lugar que se merecen\u201d.<\/p>\n<p>Tambi\u00e9n adherimos a modificar el tiempo de mandato de los Presidentes de Comuna llev\u00e1ndolos a 4 a\u00f1os y otras modificaciones que hacen a la vida diaria de los gobiernos locales y de nuestras comunidades.<\/p>\n<p>Foro de Intendentes y Presidentes de Comuna Radicales de Santa Fe<\/p>\n","protected":false},"excerpt":{"rendered":"<p>Foro de Intendentes y Presidentes de Comuna Radicales de Santa Fe dio conocer un comunicado respecto de la iniciativa del gobierno provincial de avanzar en la autonom\u00eda de municipios y comunas. LA AUTONOM\u00cdA MUNICIPAL UN CAMINO NECESARIO HACIA LA IGUALDAD La autonom\u00eda de los municipios es una deuda pendiente en la provincia de Santa Fe, [&hellip;]<\/p>\n","protected":false},"author":3,"featured_media":0,"comment_status":"open","ping_status":"open","sticky":false,"template":"","format":"standard","meta":{"_joinchat":[],"footnotes":""},"categories":[55],"tags":[],"class_list":{"0":"post-17107","1":"post","2":"type-post","3":"status-publish","4":"format-standard","6":"category-reconquista"},"_links":{"self":[{"href":"https:\/\/infovera.com.ar\/web\/wp-json\/wp\/v2\/posts\/17107","targetHints":{"allow":["GET"]}}],"collection":[{"href":"https:\/\/infovera.com.ar\/web\/wp-json\/wp\/v2\/posts"}],"about":[{"href":"https:\/\/infovera.com.ar\/web\/wp-json\/wp\/v2\/types\/post"}],"author":[{"embeddable":true,"href":"https:\/\/infovera.com.ar\/web\/wp-json\/wp\/v2\/users\/3"}],"replies":[{"embeddable":true,"href":"https:\/\/infovera.com.ar\/web\/wp-json\/wp\/v2\/comments?post=17107"}],"version-history":[{"count":0,"href":"https:\/\/infovera.com.ar\/web\/wp-json\/wp\/v2\/posts\/17107\/revisions"}],"wp:attachment":[{"href":"https:\/\/infovera.com.ar\/web\/wp-json\/wp\/v2\/media?parent=17107"}],"wp:term":[{"taxonomy":"category","embeddable":true,"href":"https:\/\/infovera.com.ar\/web\/wp-json\/wp\/v2\/categories?post=17107"},{"taxonomy":"post_tag","embeddable":true,"href":"https:\/\/infovera.com.ar\/web\/wp-json\/wp\/v2\/tags?post=17107"}],"curies":[{"name":"wp","href":"https:\/\/api.w.org\/{rel}","templated":true}]}}