{"id":17105,"date":"2021-01-27T16:24:56","date_gmt":"2021-01-27T19:24:56","guid":{"rendered":"https:\/\/infovera.com.ar\/web\/?p=17105"},"modified":"2021-01-29T13:02:36","modified_gmt":"2021-01-29T16:02:36","slug":"perotti-se-reunio-con-intendentes-y-presidentes-comunales-para-avanzar-en-la-autonomia-municipal","status":"publish","type":"post","link":"https:\/\/infovera.com.ar\/web\/2021\/01\/27\/perotti-se-reunio-con-intendentes-y-presidentes-comunales-para-avanzar-en-la-autonomia-municipal\/","title":{"rendered":"Perotti se reuni\u00f3 con intendentes y presidentes comunales para avanzar en la autonom\u00eda municipal"},"content":{"rendered":"<p><strong>&#8220;Junto a Marcos Corach y Roberto Sukerman\u00a0 estuvimos reunidos con intendentes y presidentes comunales para trabajar en las leyes necesarias que nos permitan avanzar en los distintos grados de autonom\u00eda municipal&#8221;, consign\u00f3 el gobernador.<\/strong><\/p>\n<p>&#8220;Si algo nos ratific\u00f3 la pandemia es que tenemos que formar un grupo de trabajo con municipios y comunas para brindarles m\u00e1s competencias y facultades entendiendo que la descentralizaci\u00f3n del poder se realiza a trav\u00e9s de ellos&#8221;, agreg\u00f3 tras el encuentro de este lunes.<\/p>\n<p>&#8220;La propia Corte Suprema de la Naci\u00f3n nos recuerda en sus fallos que la Constituci\u00f3n Nacional ordena la autonom\u00eda plena de los municipios. Hay realidades y necesidades distintas que debemos representar. Trabajar en un proyecto superador es poner a #SantaFeDePie&#8221;, finaliz\u00f3.<\/p>\n","protected":false},"excerpt":{"rendered":"<p>&#8220;Junto a Marcos Corach y Roberto Sukerman\u00a0 estuvimos reunidos con intendentes y presidentes comunales para trabajar en las leyes necesarias que nos permitan avanzar en los distintos grados de autonom\u00eda municipal&#8221;, consign\u00f3 el gobernador. &#8220;Si algo nos ratific\u00f3 la pandemia es que tenemos que formar un grupo de trabajo con municipios y comunas para brindarles [&hellip;]<\/p>\n","protected":false},"author":3,"featured_media":17106,"comment_status":"open","ping_status":"open","sticky":false,"template":"","format":"standard","meta":{"_joinchat":[],"footnotes":""},"categories":[1],"tags":[],"class_list":{"0":"post-17105","1":"post","2":"type-post","3":"status-publish","4":"format-standard","5":"has-post-thumbnail","7":"category-sin-categoria"},"_links":{"self":[{"href":"https:\/\/infovera.com.ar\/web\/wp-json\/wp\/v2\/posts\/17105","targetHints":{"allow":["GET"]}}],"collection":[{"href":"https:\/\/infovera.com.ar\/web\/wp-json\/wp\/v2\/posts"}],"about":[{"href":"https:\/\/infovera.com.ar\/web\/wp-json\/wp\/v2\/types\/post"}],"author":[{"embeddable":true,"href":"https:\/\/infovera.com.ar\/web\/wp-json\/wp\/v2\/users\/3"}],"replies":[{"embeddable":true,"href":"https:\/\/infovera.com.ar\/web\/wp-json\/wp\/v2\/comments?post=17105"}],"version-history":[{"count":0,"href":"https:\/\/infovera.com.ar\/web\/wp-json\/wp\/v2\/posts\/17105\/revisions"}],"wp:featuredmedia":[{"embeddable":true,"href":"https:\/\/infovera.com.ar\/web\/wp-json\/wp\/v2\/media\/17106"}],"wp:attachment":[{"href":"https:\/\/infovera.com.ar\/web\/wp-json\/wp\/v2\/media?parent=17105"}],"wp:term":[{"taxonomy":"category","embeddable":true,"href":"https:\/\/infovera.com.ar\/web\/wp-json\/wp\/v2\/categories?post=17105"},{"taxonomy":"post_tag","embeddable":true,"href":"https:\/\/infovera.com.ar\/web\/wp-json\/wp\/v2\/tags?post=17105"}],"curies":[{"name":"wp","href":"https:\/\/api.w.org\/{rel}","templated":true}]}}