{"id":17085,"date":"2021-01-26T13:01:56","date_gmt":"2021-01-26T16:01:56","guid":{"rendered":"https:\/\/infovera.com.ar\/web\/?p=17085"},"modified":"2021-01-27T16:38:10","modified_gmt":"2021-01-27T19:38:10","slug":"covid-mas-de-45-millones-de-pesos-para-comunas-y-municipios-del-departamento","status":"publish","type":"post","link":"https:\/\/infovera.com.ar\/web\/2021\/01\/26\/covid-mas-de-45-millones-de-pesos-para-comunas-y-municipios-del-departamento\/","title":{"rendered":"Covid: m\u00e1s de 4,5 millones de pesos para comunas y municipios del departamento"},"content":{"rendered":"<p><strong>El gobierno provincial entreg\u00f3 $208 millones a municipios y comunas en el marco del Fondo COVID-19. A Vera le toc\u00f3 $ 4.540.000.<\/strong><\/p>\n<p>El destino de los mismos es para gastos generales. Adem\u00e1s, la provincia est\u00e1 transfiriendo fondos del mismo programa para arreglos de hospitales y Samcos a aquellas localidades que presentaron proyectos de obras.<\/p>\n<p>El gobierno provincial, a trav\u00e9s del Ministerio de Gesti\u00f3n P\u00fablica, entreg\u00f3 aportes no reintegrables por $ 208.120.000 a municipios y comunas en el marco del Programa de Atenci\u00f3n a Gobiernos Locales \u2013 Emergencia COVID \u2013 19.<br \/>\nAl respecto, el subsecretario de Comunas, Carlos Kaufmann, brind\u00f3 detalles sobre el destino de los fondos y precis\u00f3 que \u201cson para gastos generales: insumos, compra de gel, barbijos, gastos de combustibles y horas extras de personal afectado a controles por el COVID\u201d.<\/p>\n<p>\u201cAdem\u00e1s de eso, se est\u00e1n transfiriendo fondos del mismo programa para el destino espec\u00edfico de arreglos de hospitales y Samcos a aquellas localidades del interior que presentaron proyectos de obras, que son los que m\u00e1s retrasados estaban en materia de infraestructura y recursos humanos\u201d, concluy\u00f3 Kaufmann.<\/p>\n<p>DETALLE DE LOS APORTES<\/p>\n<p>Las localidades del departamento Belgrano recibieron un total de $ 2.980.000; las del departamento Caseros recibi\u00f3 un total de $ 6.270.000; el departamento Castellanos recibi\u00f3 $ 13.430.000; el departamento Constituci\u00f3n $ 6.550.000; el departamento Garay $ 1.830.0001; el departamento General L\u00f3pez $ 13.960.000; el departamento General Obligado $ 14.040.0001; las localidades del departamento Iriondo recibieron un total de $ 4.270.000.<\/p>\n<p>En tanto, el departamento La Capital recibi\u00f3 un total de $25.820.000; el departamento Las Colonias $ 8.420.000; el departamento 9 de Julio $ 3.250.000; el departamento Rosario $ 66.710.000; el departamento San Crist\u00f3bal $ 5.740.000; el departamento San Javier $ 2.770.000; el departamento San Jer\u00f3nimo $ 6.620.000; el departamento San Justo $ 3.390.000; y el departamento San Lorenzo $ 12.940.000.<\/p>\n<p>Por \u00faltimo, las localidades del departamento San Mart\u00edn recibieron $ 4.590.000; y las del departamento Vera $ 4.540.000.<\/p>\n","protected":false},"excerpt":{"rendered":"<p>El gobierno provincial entreg\u00f3 $208 millones a municipios y comunas en el marco del Fondo COVID-19. A Vera le toc\u00f3 $ 4.540.000. El destino de los mismos es para gastos generales. Adem\u00e1s, la provincia est\u00e1 transfiriendo fondos del mismo programa para arreglos de hospitales y Samcos a aquellas localidades que presentaron proyectos de obras. El [&hellip;]<\/p>\n","protected":false},"author":3,"featured_media":17088,"comment_status":"open","ping_status":"open","sticky":false,"template":"","format":"standard","meta":{"_joinchat":[],"footnotes":""},"categories":[51],"tags":[],"class_list":{"0":"post-17085","1":"post","2":"type-post","3":"status-publish","4":"format-standard","5":"has-post-thumbnail","7":"category-locales"},"_links":{"self":[{"href":"https:\/\/infovera.com.ar\/web\/wp-json\/wp\/v2\/posts\/17085","targetHints":{"allow":["GET"]}}],"collection":[{"href":"https:\/\/infovera.com.ar\/web\/wp-json\/wp\/v2\/posts"}],"about":[{"href":"https:\/\/infovera.com.ar\/web\/wp-json\/wp\/v2\/types\/post"}],"author":[{"embeddable":true,"href":"https:\/\/infovera.com.ar\/web\/wp-json\/wp\/v2\/users\/3"}],"replies":[{"embeddable":true,"href":"https:\/\/infovera.com.ar\/web\/wp-json\/wp\/v2\/comments?post=17085"}],"version-history":[{"count":0,"href":"https:\/\/infovera.com.ar\/web\/wp-json\/wp\/v2\/posts\/17085\/revisions"}],"wp:featuredmedia":[{"embeddable":true,"href":"https:\/\/infovera.com.ar\/web\/wp-json\/wp\/v2\/media\/17088"}],"wp:attachment":[{"href":"https:\/\/infovera.com.ar\/web\/wp-json\/wp\/v2\/media?parent=17085"}],"wp:term":[{"taxonomy":"category","embeddable":true,"href":"https:\/\/infovera.com.ar\/web\/wp-json\/wp\/v2\/categories?post=17085"},{"taxonomy":"post_tag","embeddable":true,"href":"https:\/\/infovera.com.ar\/web\/wp-json\/wp\/v2\/tags?post=17085"}],"curies":[{"name":"wp","href":"https:\/\/api.w.org\/{rel}","templated":true}]}}