{"id":16999,"date":"2021-01-21T11:15:40","date_gmt":"2021-01-21T14:15:40","guid":{"rendered":"https:\/\/infovera.com.ar\/web\/?p=16999"},"modified":"2021-01-21T11:16:58","modified_gmt":"2021-01-21T14:16:58","slug":"procedimiento-por-infraccion-a-la-ley-forestal-en-la-gallareta","status":"publish","type":"post","link":"https:\/\/infovera.com.ar\/web\/2021\/01\/21\/procedimiento-por-infraccion-a-la-ley-forestal-en-la-gallareta\/","title":{"rendered":"Procedimiento por infracci\u00f3n a la ley forestal en La Gallareta y O,mos"},"content":{"rendered":"<p><strong>Efectivos de la secci\u00f3n La Gallareta de Los Pumas, realizando recorrida preventiva sobre zona suburbana de la localidad procedieron a detener la marcha de un cami\u00f3n,<\/strong> conducido por un hombre de 34 a\u00f1os que transportaba cuatro mil bolsas fraccionadas de le\u00f1a seca, careciendo de gu\u00eda forestal.<\/p>\n<p>Por lo que labraron Acta por Infracci\u00f3n a la Ley Nacional N\u00ba 13.273 (Ley Forestal), entregando la carga al infractor en calidad de depositario legal. Interviene Secretaria de Medio Ambiente Ministerio de la Producci\u00f3n Santa Fe.<\/p>\n<p>Personal de Los Pumas de Fort\u00edn Olmos, en circunstancias que realizaban operativo de control vehicular, en Ruta Pcial N\u00ba 3, procedi\u00f3\u00a0a verificar y chequear<br \/>\nuna camioneta marca Ford, conducida por ciudadano de 60 a\u00f1os de edad, que al momento<br \/>\ntransportaba dos mil kilogramos de le\u00f1a seca fraccionada, sin Gu\u00eda Forestal, por lo que le<br \/>\nconfeccionaron Acta de &amp;quot;Infracci\u00f3n a la Ley Nac. N\u00b0 13.273&amp;quot; (Defensa de la riqueza forestal); entreg\u00e1ndose la carga al causante como depositario legal. Interviene Ministerio de la Producci\u00f3n &#8211; Secretaria de Recursos H\u00eddricos, Forestal y Minero.<\/p>\n<p>&nbsp;<\/p>\n","protected":false},"excerpt":{"rendered":"<p>Efectivos de la secci\u00f3n La Gallareta de Los Pumas, realizando recorrida preventiva sobre zona suburbana de la localidad procedieron a detener la marcha de un cami\u00f3n, conducido por un hombre de 34 a\u00f1os que transportaba cuatro mil bolsas fraccionadas de le\u00f1a seca, careciendo de gu\u00eda forestal. Por lo que labraron Acta por Infracci\u00f3n a la [&hellip;]<\/p>\n","protected":false},"author":3,"featured_media":17000,"comment_status":"open","ping_status":"open","sticky":false,"template":"","format":"standard","meta":{"_joinchat":[],"footnotes":""},"categories":[51,30],"tags":[],"class_list":{"0":"post-16999","1":"post","2":"type-post","3":"status-publish","4":"format-standard","5":"has-post-thumbnail","7":"category-locales","8":"category-policiales"},"_links":{"self":[{"href":"https:\/\/infovera.com.ar\/web\/wp-json\/wp\/v2\/posts\/16999","targetHints":{"allow":["GET"]}}],"collection":[{"href":"https:\/\/infovera.com.ar\/web\/wp-json\/wp\/v2\/posts"}],"about":[{"href":"https:\/\/infovera.com.ar\/web\/wp-json\/wp\/v2\/types\/post"}],"author":[{"embeddable":true,"href":"https:\/\/infovera.com.ar\/web\/wp-json\/wp\/v2\/users\/3"}],"replies":[{"embeddable":true,"href":"https:\/\/infovera.com.ar\/web\/wp-json\/wp\/v2\/comments?post=16999"}],"version-history":[{"count":0,"href":"https:\/\/infovera.com.ar\/web\/wp-json\/wp\/v2\/posts\/16999\/revisions"}],"wp:featuredmedia":[{"embeddable":true,"href":"https:\/\/infovera.com.ar\/web\/wp-json\/wp\/v2\/media\/17000"}],"wp:attachment":[{"href":"https:\/\/infovera.com.ar\/web\/wp-json\/wp\/v2\/media?parent=16999"}],"wp:term":[{"taxonomy":"category","embeddable":true,"href":"https:\/\/infovera.com.ar\/web\/wp-json\/wp\/v2\/categories?post=16999"},{"taxonomy":"post_tag","embeddable":true,"href":"https:\/\/infovera.com.ar\/web\/wp-json\/wp\/v2\/tags?post=16999"}],"curies":[{"name":"wp","href":"https:\/\/api.w.org\/{rel}","templated":true}]}}