{"id":16935,"date":"2021-01-19T02:44:03","date_gmt":"2021-01-19T05:44:03","guid":{"rendered":"https:\/\/infovera.com.ar\/web\/?p=16935"},"modified":"2021-01-19T02:44:03","modified_gmt":"2021-01-19T05:44:03","slug":"restricciones-y-requisitos-para-entrar-y-salir-del-pais-y-de-la-provincia","status":"publish","type":"post","link":"https:\/\/infovera.com.ar\/web\/2021\/01\/19\/restricciones-y-requisitos-para-entrar-y-salir-del-pais-y-de-la-provincia\/","title":{"rendered":"Restricciones y requisitos para entrar y salir del pa\u00eds y de la provincia"},"content":{"rendered":"<p><strong>La Defensor\u00eda del Pueblo de Santa Fe realiz\u00f3 un compendio de la normativa vigente quienes quieran ingresar o egresar de Argentina y de Santa Fe.<\/strong><\/p>\n<p>La Defensor\u00eda del Pueblo de la provincia de Santa Fe recuerda las restricciones para el ingreso y egreso del pa\u00eds dispuestas por el Ejecutivo nacional y los requisitos para el tr\u00e1nsito dentro del territorio argentino, en el marco de la pandemia de Covid 19.<\/p>\n<p><strong>Est\u00e1n autorizados a ingresar al pa\u00eds:\u00a0<\/strong><\/p>\n<p>-Transportistas o tripulantes de cualquier nacionalidad en ejercicio de su actividad.<br \/>\n-Nacionales y residentes en la Rep\u00fablica Argentina, cualquiera sea su lugar de procedencia.<br \/>\n-Extranjeros autorizados expresamente para desarrollar actividad laboral o comercial, cumplir con una misi\u00f3n oficial diplom\u00e1tica, para participar de eventos deportivos que cumplan los protocolos espec\u00edficos y para reunificaci\u00f3n familiar con argentinos residentes que requieren visado.<br \/>\n-Extranjeros autorizados que sean parientes directos de ciudadanos argentinos, y que ingresen transitoriamente a nuestro pa\u00eds por razones de necesidad, y no requieran visado en virtud de acuerdos bilaterales o medidas unilaterales que eximan de dicho requisito<br \/>\n-Extranjeros declarados en tr\u00e1nsito hacia otros pa\u00edses con una permanencia en el aeropuerto internacional menor a 24 horas.<\/p>\n<p><strong>Son requisitos para viajar a Argentina:\u00a0<\/strong><\/p>\n<p>-Declaraci\u00f3n jurada electr\u00f3nica para el ingreso al territorio nacional.<br \/>\n-Todos los viajeros deber\u00e1n cumplir con la prueba de diagn\u00f3stico 72 horas previas al viaje internacional con resultado negativo para Covid 19 y acompa\u00f1ar a la declaraci\u00f3n jurada electr\u00f3nica.<br \/>\n-Cumplir cuarentena de 10 d\u00edas desde que les fuera efectuada la prueba PCR negativa.<br \/>\n-Acompa\u00f1ar la declaraci\u00f3n jurada electr\u00f3nica con un seguro de viajero especial para ciudadanos extranjeros no residentes.<\/p>\n<p>Actualmente est\u00e1n suspendidos todos los vuelos directos de pasajeros que tengan como origen o destino el Reino Unido de Gran Breta\u00f1a e Irlanda del Norte, ante el nuevo linaje en la secuenciaci\u00f3n de muestras locales, respecto al ingreso de personas.<br \/>\n<strong>\u00a0<\/strong><br \/>\n<strong>Se recomienda fuertemente diferir viajes al exterior cuando no fueran para actividades esenciales a:<\/strong><\/p>\n<p>-Los nacionales o extranjeros residentes en el pa\u00eds,\u00a0en particular, a los mayores de sesenta a\u00f1os de edad o a personas pertenecientes a los grupos de riesgo definidos por la autoridad sanitaria,<\/p>\n<p><strong>Qu\u00e9 se exige al llegar al pa\u00eds:\u00a0<\/strong><\/p>\n<p>Someterse al control de salud en el punto de entrada cuando se considere necesario:<br \/>\n-Inspecci\u00f3n visual<br \/>\n-Reporte de la tripulaci\u00f3n de terceros<br \/>\n-Autoreporte<br \/>\n-Evaluaci\u00f3n del riesgo sanitario<br \/>\n-Aleatorio<\/p>\n<p><strong>Uso de la aplicaci\u00f3n Cuidar o similar, seg\u00fan el caso:\u00a0<\/strong><br \/>\n-Se recomienda registrarse en la APP CUIDAR (los nacionales) dentro de las 48 horas del arribo o en la APP espec\u00edfica para los extranjeros una vez que est\u00e9 disponible, o a trav\u00e9s de la web, con el fin de:<br \/>\n-Autofavorecer el conocimiento de la situaci\u00f3n de riesgo.<br \/>\n-Autodiagn\u00f3stico.<br \/>\n-Sensibilizaci\u00f3n sobre recomendaciones sanitarias de prevenci\u00f3n y autocuidado.<br \/>\n<strong>\u00a0<\/strong><br \/>\n<strong>Requisitos adicionales solicitadod por la jurisdicci\u00f3n de destino en el pa\u00eds:<\/strong><br \/>\n-Cumplir con los protocolos espec\u00edficos, en especial los corredores seguros<br \/>\n-Respetar los requisitos de la autoridad sanitaria local y contar con los respectivos permisos de circulaci\u00f3n.<br \/>\n<strong>\u00a0<\/strong><br \/>\n<strong>Qu\u00e9 se exige al salir del pa\u00eds<\/strong><\/p>\n<p>Realizar la declaraci\u00f3n jurada electr\u00f3nica para el egreso del territorio nacional:<br \/>\n-Completarla 48 horas antes de iniciar el viaje por ser requisito migratorio<br \/>\n-Exhibirla al embarque al operador del medio de trasporte internacional o si viaja por un medio de trasporte propio completarla antes de iniciar el viaje<br \/>\n-Someterse al control de salud en el punto de entrada cuando se considere necesario<br \/>\n-Quienes deseen m\u00e1s informaci\u00f3n sobre la normativa nacional y los requisitos pueden ingresar a\u00a0https:\/\/www.argentina.gob.ar\/salud\/coronavirus\/ingresar-egresar-argentina<br \/>\n<strong>\u00a0<\/strong><br \/>\n<strong>Ingreso a la provincia de Santa Fe por motivos tur\u00edsticos<\/strong><\/p>\n<p>Desde el 21 de diciembre pasado, pueden ingresar a la provincia de Santa Fe, por motivos tur\u00edsticos:<br \/>\n-Residentes en la provincia de Santa Fe<br \/>\n-Propietarios de inmuebles o complejos tur\u00edsticos que no sean residentes en la provincia<br \/>\n-Personas residentes de otras provincias y\/o extranjeros en todo el territorio provincial.<\/p>\n<p><strong>Los\u00a0requisitos a cumplir son:<\/strong><br \/>\n-Registrarse en la aplicaci\u00f3n covid-19 de la Provincia de Santa Fe y completar con car\u00e1cter de Declaraci\u00f3n Jurada el formulario que se encuentra en la misma. https:\/\/www.santafe.gob.ar\/ms\/covid19\/aplicacion-movil-covid-19-provinci&#8230;<br \/>\n-Certificado de circulaci\u00f3n Nacional: www.argentina.gob.ar\/verano<br \/>\n-Contar con reserva de un servicio o alojamiento tur\u00edstico.<br \/>\n-Menor de edad: El adulto responsable referenciar\u00e1 en la aplicaci\u00f3n los datos de ambos.<\/p>\n<p>Ingreso a otras provincias por motivos tur\u00edsticos<br \/>\nPara conocer los requisitos y restricciones de ingreso a cada una de las provincias de la Rep\u00fablica Argentina pueden hacerlo ingresando a\u00a0https:\/\/www.argentina.gob.ar\/transporte\/covid-19\/requisitos-ingreso-por-provincia<\/p>\n","protected":false},"excerpt":{"rendered":"<p>La Defensor\u00eda del Pueblo de Santa Fe realiz\u00f3 un compendio de la normativa vigente quienes quieran ingresar o egresar de Argentina y de Santa Fe. La Defensor\u00eda del Pueblo de la provincia de Santa Fe recuerda las restricciones para el ingreso y egreso del pa\u00eds dispuestas por el Ejecutivo nacional y los requisitos para el [&hellip;]<\/p>\n","protected":false},"author":3,"featured_media":16936,"comment_status":"open","ping_status":"open","sticky":false,"template":"","format":"standard","meta":{"_joinchat":[],"footnotes":""},"categories":[60],"tags":[],"class_list":{"0":"post-16935","1":"post","2":"type-post","3":"status-publish","4":"format-standard","5":"has-post-thumbnail","7":"category-provinciales"},"_links":{"self":[{"href":"https:\/\/infovera.com.ar\/web\/wp-json\/wp\/v2\/posts\/16935","targetHints":{"allow":["GET"]}}],"collection":[{"href":"https:\/\/infovera.com.ar\/web\/wp-json\/wp\/v2\/posts"}],"about":[{"href":"https:\/\/infovera.com.ar\/web\/wp-json\/wp\/v2\/types\/post"}],"author":[{"embeddable":true,"href":"https:\/\/infovera.com.ar\/web\/wp-json\/wp\/v2\/users\/3"}],"replies":[{"embeddable":true,"href":"https:\/\/infovera.com.ar\/web\/wp-json\/wp\/v2\/comments?post=16935"}],"version-history":[{"count":0,"href":"https:\/\/infovera.com.ar\/web\/wp-json\/wp\/v2\/posts\/16935\/revisions"}],"wp:featuredmedia":[{"embeddable":true,"href":"https:\/\/infovera.com.ar\/web\/wp-json\/wp\/v2\/media\/16936"}],"wp:attachment":[{"href":"https:\/\/infovera.com.ar\/web\/wp-json\/wp\/v2\/media?parent=16935"}],"wp:term":[{"taxonomy":"category","embeddable":true,"href":"https:\/\/infovera.com.ar\/web\/wp-json\/wp\/v2\/categories?post=16935"},{"taxonomy":"post_tag","embeddable":true,"href":"https:\/\/infovera.com.ar\/web\/wp-json\/wp\/v2\/tags?post=16935"}],"curies":[{"name":"wp","href":"https:\/\/api.w.org\/{rel}","templated":true}]}}