{"id":16932,"date":"2021-01-19T02:38:16","date_gmt":"2021-01-19T05:38:16","guid":{"rendered":"https:\/\/infovera.com.ar\/web\/?p=16932"},"modified":"2021-01-19T02:38:16","modified_gmt":"2021-01-19T05:38:16","slug":"entre-barrotes-invisibles-ninos-y-adultos-mayores-los-mas-aislados-en-la-pandemia","status":"publish","type":"post","link":"https:\/\/infovera.com.ar\/web\/2021\/01\/19\/entre-barrotes-invisibles-ninos-y-adultos-mayores-los-mas-aislados-en-la-pandemia\/","title":{"rendered":"Entre barrotes invisibles: ni\u00f1os y adultos mayores, los m\u00e1s aislados en la pandemia"},"content":{"rendered":"<p><strong>En las infancias se nota un retraimiento casi exclusivo al \u00e1mbito familiar, cuando lo ideal es abrirse a la dimensi\u00f3n social.<\/strong> Y las personas de mayor edad, con los cuidados excesivos por ser &#8220;de riesgo inminente&#8221;, quedan desatendidas. Surgen conductas f\u00f3bicas.<\/p>\n<p>La pandemia fue recluyendo a las infancias casi exclusivamente al \u00e1mbito familiar. Lo recomendable es que esa dimensi\u00f3n se abra hacia la social. Cr\u00e9dito: Archivo El Litoral<\/p>\n<p>En la inundaci\u00f3n de 2003, M\u00f3nica Niel estaba coordinando el comit\u00e9 de crisis de Santo Tom\u00e9. Y asist\u00eda a una escuela donde se alojaban familias inundadas. Un d\u00eda, le avisan que hab\u00eda una ni\u00f1a que hac\u00eda mucho tiempo que estaba confinada en un centro de evacuados: no quer\u00eda salir. Los otros ni\u00f1os ya jugaban afuera, porque el agua hab\u00eda bajado, aunque el drama quedar\u00eda. Niel fue a buscarla y le dijo: &#8220;Hola, ya no llueve. Afuera hay un sol hermoso&#8221;. La tom\u00f3 de la mano y la acompa\u00f1\u00f3 a pasear a una placita cercana. La ni\u00f1a, mientras estaba aislada, segu\u00eda &#8220;oyendo la lluvia&#8221;, o mejor, el agua que se llev\u00f3 todo.<\/p>\n<p>Esa an\u00e9cdota de la presidenta del Colegio de Psic\u00f3logos de Santa Fe es algo parecido a un espejo de lo que est\u00e1 ocurriendo hoy con las infancias y -tambi\u00e9n- con la tercera edad, que son los dos grupos etarios que m\u00e1s pesada sienten la mochila de la pandemia por el coronavirus. Pero, \u00bfpor qu\u00e9? Por varios factores de lo que la propia pandemia -con sus restricciones y liberaciones, idas y vueltas, sus mensajes oficiales, los nuevos comportamientos sociales- fue generando: un retraimiento social, incluso algunos sentimientos f\u00f3bicos.<\/p>\n<p>&#8220;Tanto los adultos mayores como los ni\u00f1os son los dos sectores que m\u00e1s quedaron aislados en t\u00e9rminos sociales. El resto de las franjas etarias fue volviendo a sus trabajos, a sus rutinas, recomponiendo los lazos sociales en el per\u00edodo de 10 meses de pandemia. Aparecen algunos comportamientos f\u00f3bicos, pero no puede hablarse de agorafobia (que es una patolog\u00eda, la dificultad de establecer una lazo social, el miedo a estar con gente). Hay conductas que van por ese lado, pero que no llegan a ser agoraf\u00f3bicas&#8221;, aclara Niel, en di\u00e1logo con El Litoral.<\/p>\n<p>Por partes: con respecto a los adultos mayores, &#8220;se hizo mucho hincapi\u00e9 desde el principio en que no salgan de sus casas, que no se junten con nadie, que no se muevan. Me parece que m\u00e1s all\u00e1 de que es una poblaci\u00f3n vulnerable (al virus), estuvo muy exacerbado ese mensaje de confinamiento. Y por otro lado, lo que se ve en muchos de sus hijos y nietos, que no se cuidan tanto y que tienen m\u00e1s contacto social, es que ellos sienten mucho temor de contagiarlos. Con lo cual, creen que los cuidan a lo mejor no yendo a la casa, no visit\u00e1ndolos con el distanciamiento y las medidas de cuidado, o haci\u00e9ndoles los mandados pero dej\u00e1ndoles las cosas en la puerta. Hay todo un contexto que hace que los adultos mayores est\u00e9n m\u00e1s recluidos, m\u00e1s temerosos, m\u00e1s aislados&#8221;, explica.<\/p>\n<p>Pese a que se fueron liberalizando las medidas (ahora s\u00f3lo rige la restricci\u00f3n de circulaci\u00f3n nocturna), &#8220;notamos que en un sector importante de los adultos mayores no se flexibilizaron las conductas (de &#8216;autoconfinamiento&#8217;). Al punto de que, por ejemplo, con el correr del tiempo, se vio que mucha gente mayor que debiera hacerse los controles m\u00e9dicos (cardiol\u00f3gicos, por ejemplo), no va al sanatorio o al hospital por miedo. Si en 10 meses no salen a la calle, no se dan la oportunidad de tomar sol, no se hacen los chequeos cl\u00ednicos de rutina, ser\u00e1 peor el remedio que la enfermedad. Esto, si bien no es agorafobia, va por esa l\u00ednea: de quedarse autorecluidos y de sentir temor de salir a hacer contactos sociales con los cuidados correspondientes&#8221;, advierte Niel.<\/p>\n<p>&#8220;A los adultos mayores hay que decirles que pueden salir a tomar aire, a caminar un rato, a charlar con alg\u00fan vecino&#8221;, insiste la especialista. Y hay que verlos m\u00e1s -recomienda-, siempre con los cuidados preventivos ya harto conocidos. &#8220;Hablamos de personas de edad avanzada que necesitan ser acompa\u00f1adas; est\u00e1n m\u00e1s expuestas por ser grupos de riesgo, s\u00ed; pero no son &#8216;personas enfermas&#8217; a las que no hay que que acerc\u00e1rseles. Debemos generar un condicionamiento social positivo para que los adultos mayores se sientan mejor&#8221;, pide.<\/p>\n<p>Infancia, endogamia y exogamia<br \/>\n-\u00bfY qu\u00e9 ha pasado con la ni\u00f1ez en todo este tiempo de pandemia?<\/p>\n<p>-Los chicos representan el otro sector etario que qued\u00f3 m\u00e1s aislado, adem\u00e1s de los adultos mayores. Principalmente por la falta de escolaridad presencial. Las fobias son muy comunes en la infancia, y muchas veces \u00e9stas responden a momentos particulares de separaci\u00f3n, de crecimiento; esto se da, por ejemplo, cuando un ni\u00f1o deja de ser el &#8220;bebote de mam\u00e1&#8221; y pasa a ser una ni\u00f1o o una ni\u00f1a, ya entendidos como sujetos sociales.<\/p>\n<p>Y la instituci\u00f3n escolar, m\u00e1s all\u00e1 de lo acad\u00e9mico, cumple una funci\u00f3n muy importante en este pasaje de la l\u00f3gica familiar a la l\u00f3gica social, o lo que nosotros llamamos de lo endog\u00e1mico a lo exog\u00e1mico. Hacer el tr\u00e1nsito hacia esa l\u00f3gica social es absolutamente necesario para los chicos. Entonces, lo que hemos visto mucho es que (los chicos), o no adquir\u00edan logros que habitualmente adquir\u00edan (antes de la pandemia), o retroced\u00edan en esos logros. Y tambi\u00e9n vimos cuestiones f\u00f3bicas: las he atendido en consultorio, y si bien no representaban casos de agorafobia s\u00ed ten\u00edan que relaci\u00f3n con un retraimiento a la l\u00f3gica exclusivamente familiar.<\/p>\n<p>Cuando dicen que lo mejor es la familia, yo siempre digo lo siguiente: primero, que no todas las familias son lo mejor; y segundo, que a\u00fan en el caso de que se trate de una buena familia, esa dimensi\u00f3n familiar podr\u00e1 ser mejor si no es la \u00fanica dimensi\u00f3n, si aparece la esfera social. El hecho de que un chico est\u00e9 replegado \u00fanicamente en la l\u00f3gica familiar no lo ayuda a su crecimiento, y tampoco ayuda a los padres, que est\u00e1n muy agotados por toda esta situaci\u00f3n.<\/p>\n<p>-Ante esto, \u00bfc\u00f3mo debieran actuar los padres y las madres de estos ni\u00f1os replegados \u00fanicamente en la dimensi\u00f3n familiar?<\/p>\n<p>-Yo sugerir\u00eda que traten de ampliar esa l\u00f3gica. Pueden llevarlos a alg\u00fan lado, invitarlos a que est\u00e9n con alg\u00fan amiguito, siempre con los cuidados necesarios. Los propios chicos dicen que extra\u00f1an a sus compa\u00f1eros de la escuela, por ejemplo. En ese sentido, las fobias que pueden haber aparecido en los ni\u00f1os las atribuyo m\u00e1s a que \u00e9stos quedaron atados exclusivamente a esa dimensi\u00f3n o l\u00f3gica familiar, que a una cuesti\u00f3n de miedo al afuera, a una cuesti\u00f3n agoraf\u00f3bica. Fue bueno que se volvieran a abrir los jardines y las guarder\u00edas.<\/p>\n<p>A ver, la vida siempre es mucho m\u00e1s compleja. Y cuando un pap\u00e1 o una mam\u00e1 tratan de favorecer una cosa, hay que ver que no est\u00e9n alterando otra. Yo s\u00e9 que no es f\u00e1cil conciliar c\u00f3mo asegurar los cuidados sin desatender otras cuestiones que son muy importantes (como la dimensi\u00f3n social). Creo que en este sentido, hay que buscarle la vuelta siendo inteligentes y creativos.<\/p>\n<p>Charla al sol. Una conversaci\u00f3n, un momento de salida social cuidada, son elementos clave para los adultos mayores, una de los sectores etarios m\u00e1s aislados.Foto: Flavio Raina<\/p>\n<p><strong>\u00bfTOC TOC LIMPIEZA?<\/strong><br \/>\n-\u00bfHa notado en consultorio cuidados muy excesivos de la higienizaci\u00f3n, algo as\u00ed como comportamientos del tipo trastorno obsesivo compulsivo (TOC)?\u00a0-Lo he notado. Tuve pacientes que se lavaban las manos con lavandina, al principio de la pandemia. Pero ese exceso de cuidados en la limpieza fue disminuyendo, es algo que fue cayendo por su propio peso. La gente fue &#8220;racionalizando&#8221; qu\u00e9 tipo de cuidados eran m\u00e1s esenciales, y cu\u00e1les se pod\u00edan prescindir.<\/p>\n<p><strong>La importancia de la salud mental<\/strong><br \/>\n-\u00bfQu\u00e9 lugar va a tener la salud mental este 2021, con los coletazos psicol\u00f3gicos que va dejando el coronavirus?<\/p>\n<p>-Es complicado. Si va a haber m\u00e1s demanda de profesionales de la salud mental, hay que decir que debiera haber m\u00e1s oferta (pacientes que requieren asistencia en un espacio de terapia). Pero la gente tiene temor. Durante mucho tiempo los psic\u00f3logos debimos atender de manera virtual, eso tambi\u00e9n dificult\u00f3 la posibilidad de la gente de acudir al consultorio: tenemos pacientes que reci\u00e9n ahora est\u00e1n volviendo, 10 meses despu\u00e9s.<\/p>\n<p>Si me baso en experiencias personales y similares previas, como la inundaci\u00f3n de 2003, suelen verse esos coletazos una vez pasada la crisis sanitaria (en este caso, la pandemia). El Covid-19 es y sigue siendo un golpe duro a la gente; habr\u00e1 qu\u00e9 ver m\u00e1s adelante cu\u00e1les son las consecuencias psicol\u00f3gicas reales en la ciudadan\u00eda.<\/p>\n<p>&nbsp;<\/p>\n","protected":false},"excerpt":{"rendered":"<p>En las infancias se nota un retraimiento casi exclusivo al \u00e1mbito familiar, cuando lo ideal es abrirse a la dimensi\u00f3n social. Y las personas de mayor edad, con los cuidados excesivos por ser &#8220;de riesgo inminente&#8221;, quedan desatendidas. Surgen conductas f\u00f3bicas. La pandemia fue recluyendo a las infancias casi exclusivamente al \u00e1mbito familiar. Lo recomendable [&hellip;]<\/p>\n","protected":false},"author":3,"featured_media":16933,"comment_status":"open","ping_status":"open","sticky":false,"template":"","format":"standard","meta":{"_joinchat":[],"footnotes":""},"categories":[58],"tags":[],"class_list":{"0":"post-16932","1":"post","2":"type-post","3":"status-publish","4":"format-standard","5":"has-post-thumbnail","7":"category-opinion"},"_links":{"self":[{"href":"https:\/\/infovera.com.ar\/web\/wp-json\/wp\/v2\/posts\/16932","targetHints":{"allow":["GET"]}}],"collection":[{"href":"https:\/\/infovera.com.ar\/web\/wp-json\/wp\/v2\/posts"}],"about":[{"href":"https:\/\/infovera.com.ar\/web\/wp-json\/wp\/v2\/types\/post"}],"author":[{"embeddable":true,"href":"https:\/\/infovera.com.ar\/web\/wp-json\/wp\/v2\/users\/3"}],"replies":[{"embeddable":true,"href":"https:\/\/infovera.com.ar\/web\/wp-json\/wp\/v2\/comments?post=16932"}],"version-history":[{"count":0,"href":"https:\/\/infovera.com.ar\/web\/wp-json\/wp\/v2\/posts\/16932\/revisions"}],"wp:featuredmedia":[{"embeddable":true,"href":"https:\/\/infovera.com.ar\/web\/wp-json\/wp\/v2\/media\/16933"}],"wp:attachment":[{"href":"https:\/\/infovera.com.ar\/web\/wp-json\/wp\/v2\/media?parent=16932"}],"wp:term":[{"taxonomy":"category","embeddable":true,"href":"https:\/\/infovera.com.ar\/web\/wp-json\/wp\/v2\/categories?post=16932"},{"taxonomy":"post_tag","embeddable":true,"href":"https:\/\/infovera.com.ar\/web\/wp-json\/wp\/v2\/tags?post=16932"}],"curies":[{"name":"wp","href":"https:\/\/api.w.org\/{rel}","templated":true}]}}