{"id":16928,"date":"2021-01-19T02:29:25","date_gmt":"2021-01-19T05:29:25","guid":{"rendered":"https:\/\/infovera.com.ar\/web\/?p=16928"},"modified":"2021-01-19T02:29:25","modified_gmt":"2021-01-19T05:29:25","slug":"se-registro-un-terremoto-de-6-4-grados-en-la-escala-richter-en-san-juan-se-sintio-en-cordoba-y-mendoza","status":"publish","type":"post","link":"https:\/\/infovera.com.ar\/web\/2021\/01\/19\/se-registro-un-terremoto-de-6-4-grados-en-la-escala-richter-en-san-juan-se-sintio-en-cordoba-y-mendoza\/","title":{"rendered":"Se registr\u00f3 un terremoto de 6.4 grados en la escala Richter en San Juan: se sinti\u00f3 en C\u00f3rdoba y Mendoza"},"content":{"rendered":"<p>El epicentro del sismo se produjo 54 kil\u00f3metros al sudoeste de la capital provincial y 112 kil\u00f3metros al norte de Mendoza<\/p>\n<p>Un sismo de 6.4 grados en la escala de Richter se registr\u00f3 durante la noche de este lunes en la provincia de San Juan\u00a0y tambi\u00e9n se sinti\u00f3 con diferente intensidad en C\u00f3rdoba y Mendoza.<\/p>\n<p>Seg\u00fan inform\u00f3 el Instituto Nacional de Prevenci\u00f3n S\u00edsmica (INPRES), el fen\u00f3meno alcanz\u00f3 su m\u00e1xima intensidad a las 23:46:22 y tuvo una profundidad de 8 kil\u00f3metros, mientras que su epicentro fue a 57 kil\u00f3metros al sudoeste de la capital local.<\/p>\n<p>El temblor gener\u00f3 gran preocupaci\u00f3n entre los ciudadanos sanjuaninos, que se vieron sorprendidos por la situaci\u00f3n. Seg\u00fan informaron algunos usuarios en las redes sociales, en varios puntos de la provincia hubo cortes en la energ\u00eda el\u00e9ctrica.<\/p>\n<p>Luego del sismo principal, hubo una serie de r\u00e9plicas, aunque de menor magnitud, de 4.4, 4.9 y 4.1 grados en la escala de Richter, sucesivamente, que durante la madrugada del martes afect\u00f3 mayormente a la ciudad de San Juan y las localidades de Caucete, Mirayes, Barreal y el Valle de Media Agua, seg\u00fan detall\u00f3 el INPRES.<\/p>\n<p>\u201cEn este momento quiero transmitir calma a las familias, tras el sismo que hemos vivido en San Juan.\u00a0Pongamos en pr\u00e1ctica todas las medidas que hemos aprendido para prevenir incidentes, mientras estamos abocados a conocer el impacto del mismo para colaborar en todo lo necesario\u201d, manifest\u00f3 el gobernador local,\u00a0Sergio U\u00f1ac.<\/p>\n<p>Incluso,\u00a0se registr\u00f3 un eco fuerte en Santiago de Chile, principalmente entre las regiones de Atacama y Maule, aunque el\u00a0Servicio Hidrogr\u00e1fico y Oceanogr\u00e1fico de la Armada\u00a0(SHOA) de ese pa\u00eds inform\u00f3 que las caracter\u00edsticas del movimiento \u201dno re\u00fanen las condiciones para decretar una alerta de tsunami en las costas\u201d.<\/p>\n<p>En di\u00e1logo con TN, Miguel Castro, del centro Sismol\u00f3gico de Mendoza \u201crealmente ha sido un terremoto\u201d y se\u00f1al\u00f3 que fue similar al que sucedi\u00f3 en 1977 en la ciudad sanjuanina de Caucete, aunque aclar\u00f3 que en esta ocasi\u00f3n se produjo \u201cen una zona donde hay una serie de fallas activas que pertenecen al Valle de Pie de Palo, que es muy activa\u201d.<\/p>\n<p>\u201cTambi\u00e9n est\u00e1 muy cerca una falla que tiene salida a la superficie y se ubica en el r\u00edo San Juan. Es decir, la provincia tiene esas fallas muy activas en esta regi\u00f3n. Es, pr\u00e1cticamente, en el pueblo de Pocitos, que est\u00e1 habitada\u201d, advirti\u00f3.<\/p>\n<p>Adem\u00e1s, el experto explic\u00f3 que \u201csiendo tan grande la magnitud y tan peque\u00f1a la profundidad, es que se ha percibido con tanta intensidad\u201d, sumado a que \u201clas ondas s\u00edsmicas viajan a muchos kil\u00f3metros\u201d.<\/p>\n<p>Por otra parte, Castro precis\u00f3 que\u00a0\u201ces probable que las construcciones de la zona hayan sufrido varios deterioros\u201d,\u00a0aunque aclar\u00f3 que en este momento \u201cno est\u00e1n dadas las condiciones para hacer un recuento de las edificaciones da\u00f1adas. Tambi\u00e9n resalt\u00f3 que \u201chay que tener mucho cuidado con las r\u00e9plicas\u201d.<\/p>\n<p>Por su parte, durante una entrevista en el mismo canal el periodista\u00a0Nicol\u00e1s Tillard, cont\u00f3: \u201cEstoy de vacaciones en C\u00f3rdoba y estoy en un noveno piso, sobre la ca\u00f1ada. Nunca viv\u00ed una situaci\u00f3n parecida. Es tremendo, dur\u00f3 casi un minuto. Yo estaba en la cama y vi c\u00f3mo se mov\u00eda la ara\u00f1a y el televisor. Nos pusimos abajo de las aberturas, que es lo que hay que hacer\u201d.<\/p>\n<p>Un sismo o terremoto es un rompimiento repentino que las rocas del interior de la Tierra. Esta ruptura genera energ\u00eda que se propaga en forma de ondas y provocan el movimiento del terreno.<\/p>\n<p>En la Argentina, se producen por el contacto de la\u00a0Placa Nazca con la Placa Sudamericana. Se dan con mayor frecuencia en las provincias ubicadas al oeste de nuestra regi\u00f3n:\u00a0Mendoza, San Juan, Catamarca, La Rioja, Salta y Jujuy\u00a0pero ninguna parte del pa\u00eds est\u00e1 exenta de este fen\u00f3meno.<\/p>\n<p>En noviembre pasado, un fen\u00f3meno similar afect\u00f3 a las provincias de Salta y Jujuy, aunque en ese caso fue de magnitud 5.9 en la escala sismol\u00f3gica de Richter. De acuerdo con lo informado por el INPRES en ese momento, el evento se produjo a las 13:40 horas de un domingo y el epicentro se localiz\u00f3 106 km al norte de San Salvador de Jujuy y 177 km al norte de la ciudad de Salta, 34 km al este de Humahuaca, donde los pobladores locales se volcaron a las redes sociales para compartir im\u00e1genes y videos de desmoronamientos en zonas de monta\u00f1as y cerros. El temblor habr\u00eda durado varios segundos.<\/p>\n<p>Al mismo tiempo,\u00a0la entidad precis\u00f3 que la profundidad del movimiento s\u00edsmico fue de 17 kil\u00f3metros, por lo que la percepci\u00f3n del temblor alcanz\u00f3 a las capitales de las provincias del noroeste argentino.<\/p>\n<p>A las 15:46 hora argentina,\u00a0sonaron las alarmas en la Agencia Internacional de la Energ\u00eda At\u00f3mica\u00a0-el\u00a0mismo organismo que\u00a0se\u00f1al\u00f3\u00a0el lugar y la magnitud del \u201cevento\u201d padecido por el ARA San Juan en las profundidades del oc\u00e9ano- indicando un terremoto de 5,9 en la escala de Richter, en cercan\u00edas de Humahuaca.<\/p>\n<p>Seg\u00fan detallaron los medios locales, los cerros sufrieron un deslizamiento que provoc\u00f3 grandes nubes de tierra. Las im\u00e1genes de varios paseos muy conocidos se viralizan en las redes.\u00a0Yacoraite, Huacalera y Uqu\u00eda\u00a0fueron algunas de las zonas alcanzadas por el temblor.<\/p>\n<p>Se produjeron varios desprendimientos en las zonas monta\u00f1osas. Por eso,\u00a0comitivas de Defensa Civil tuvieron que trabajar en domicilios particulares de viviendas que est\u00e1n alejadas de los centros urbanos.<\/p>\n","protected":false},"excerpt":{"rendered":"<p>El epicentro del sismo se produjo 54 kil\u00f3metros al sudoeste de la capital provincial y 112 kil\u00f3metros al norte de Mendoza Un sismo de 6.4 grados en la escala de Richter se registr\u00f3 durante la noche de este lunes en la provincia de San Juan\u00a0y tambi\u00e9n se sinti\u00f3 con diferente intensidad en C\u00f3rdoba y Mendoza. [&hellip;]<\/p>\n","protected":false},"author":3,"featured_media":16929,"comment_status":"open","ping_status":"open","sticky":false,"template":"","format":"standard","meta":{"_joinchat":[],"footnotes":""},"categories":[62],"tags":[],"class_list":{"0":"post-16928","1":"post","2":"type-post","3":"status-publish","4":"format-standard","5":"has-post-thumbnail","7":"category-nacionales"},"_links":{"self":[{"href":"https:\/\/infovera.com.ar\/web\/wp-json\/wp\/v2\/posts\/16928","targetHints":{"allow":["GET"]}}],"collection":[{"href":"https:\/\/infovera.com.ar\/web\/wp-json\/wp\/v2\/posts"}],"about":[{"href":"https:\/\/infovera.com.ar\/web\/wp-json\/wp\/v2\/types\/post"}],"author":[{"embeddable":true,"href":"https:\/\/infovera.com.ar\/web\/wp-json\/wp\/v2\/users\/3"}],"replies":[{"embeddable":true,"href":"https:\/\/infovera.com.ar\/web\/wp-json\/wp\/v2\/comments?post=16928"}],"version-history":[{"count":0,"href":"https:\/\/infovera.com.ar\/web\/wp-json\/wp\/v2\/posts\/16928\/revisions"}],"wp:featuredmedia":[{"embeddable":true,"href":"https:\/\/infovera.com.ar\/web\/wp-json\/wp\/v2\/media\/16929"}],"wp:attachment":[{"href":"https:\/\/infovera.com.ar\/web\/wp-json\/wp\/v2\/media?parent=16928"}],"wp:term":[{"taxonomy":"category","embeddable":true,"href":"https:\/\/infovera.com.ar\/web\/wp-json\/wp\/v2\/categories?post=16928"},{"taxonomy":"post_tag","embeddable":true,"href":"https:\/\/infovera.com.ar\/web\/wp-json\/wp\/v2\/tags?post=16928"}],"curies":[{"name":"wp","href":"https:\/\/api.w.org\/{rel}","templated":true}]}}